{"id":10973,"date":"2024-11-10T09:47:48","date_gmt":"2024-11-10T08:47:48","guid":{"rendered":"https:\/\/www.feuerwehr-eddelak.de\/wcms\/?p=10973"},"modified":"2025-01-06T11:30:22","modified_gmt":"2025-01-06T10:30:22","slug":"8-einsatzstellen-beschaeftigten-3-wehren","status":"publish","type":"post","link":"https:\/\/www.feuerwehr-eddelak.de\/wcms\/2024\/8-einsatzstellen-beschaeftigten-3-wehren\/","title":{"rendered":"8 Einsatzstellen besch\u00e4ftigten 3 Wehren"},"content":{"rendered":"\n<p>Wir wurden gestern Abend um 23:39 Uhr zu einem Feuer, Klein im brunsb\u00fcttler Stadtgebiet alarmiert. Auf Anfahrt zum Einsatzort wurden wir durch die Einsatzleitung zu einer anderen Einsatzstelle alarmiert. Am Einsatzort eingetroffen fanden die Eddelaker Brandbek\u00e4mpfer einen M\u00fclltonnenbrand im Hinterhof einens Gesch\u00e4ftes vor, welcher bereits auf die Werkstatt eines Optikers \u00fcbergegriffen hat.<br>Unsere Aufgabe bestand hier, dass Feuer unter Atemschutz zu l\u00f6schen und anschlie\u00dfend mit einer W\u00e4rmebildkamera einzelne Stellen zu kontrollieren, um ein wiederaufflammen einzelner Glutnester zu verhindern.<br>Insgesamt gingen bei der Leitstelle innerhalb von 20 Minuten 8 Feuermeldungen ein. Daraufhin zog die Feuerwehr Brunsb\u00fcttel die Feuerwehren aus Averlak und Eddelak hinzu.<br>Gegen 2:30 konnten auch die letzten der 23 ausger\u00fcckten Kameraden, nach wiederherzustellen der Einsatzbereitschaft das Ger\u00e4tehaus verlassen.<\/p>\n\n\n\n\t\t<style type=\"text\/css\">\n\t\t\t#gallery-1 {\n\t\t\t\tmargin: auto;\n\t\t\t}\n\t\t\t#gallery-1 .gallery-item {\n\t\t\t\tfloat: left;\n\t\t\t\tmargin-top: 10px;\n\t\t\t\ttext-align: center;\n\t\t\t\twidth: 33%;\n\t\t\t}\n\t\t\t#gallery-1 img {\n\t\t\t\tborder: 2px solid #cfcfcf;\n\t\t\t}\n\t\t\t#gallery-1 .gallery-caption {\n\t\t\t\tmargin-left: 0;\n\t\t\t}\n\t\t\t\/* see gallery_shortcode() in wp-includes\/media.php *\/\n\t\t<\/style>\n\t\t<div id='gallery-1' class='gallery galleryid-10973 gallery-columns-3 gallery-size-thumbnail'><dl class='gallery-item'>\n\t\t\t<dt class='gallery-icon landscape'>\n\t\t\t\t<a href='https:\/\/www.feuerwehr-eddelak.de\/wcms\/wp-content\/uploads\/2024\/11\/c4f8b2a5-b341-481e-a0c6-8e32091d4715-scaled.jpeg' title=\"\" data-rl_title=\"\" class=\"rl-gallery-link\" data-rl_caption=\"\" data-rel=\"lightbox-gallery-1\"><img loading=\"lazy\" decoding=\"async\" width=\"150\" height=\"150\" src=\"https:\/\/www.feuerwehr-eddelak.de\/wcms\/wp-content\/uploads\/2024\/11\/c4f8b2a5-b341-481e-a0c6-8e32091d4715-150x150.jpeg\" class=\"attachment-thumbnail size-thumbnail\" alt=\"\" \/><\/a>\n\t\t\t<\/dt><\/dl><dl class='gallery-item'>\n\t\t\t<dt class='gallery-icon landscape'>\n\t\t\t\t<a href='https:\/\/www.feuerwehr-eddelak.de\/wcms\/wp-content\/uploads\/2024\/11\/f1bedb19-a884-4b1e-a138-33058528e078-scaled.jpeg' title=\"\" data-rl_title=\"\" class=\"rl-gallery-link\" data-rl_caption=\"\" data-rel=\"lightbox-gallery-1\"><img loading=\"lazy\" decoding=\"async\" width=\"150\" height=\"150\" src=\"https:\/\/www.feuerwehr-eddelak.de\/wcms\/wp-content\/uploads\/2024\/11\/f1bedb19-a884-4b1e-a138-33058528e078-150x150.jpeg\" class=\"attachment-thumbnail size-thumbnail\" alt=\"\" \/><\/a>\n\t\t\t<\/dt><\/dl><dl class='gallery-item'>\n\t\t\t<dt class='gallery-icon portrait'>\n\t\t\t\t<a href='https:\/\/www.feuerwehr-eddelak.de\/wcms\/wp-content\/uploads\/2024\/11\/4700378b-ec11-4334-9ae8-4a7c3c50a8f2-scaled.jpeg' title=\"\" data-rl_title=\"\" class=\"rl-gallery-link\" data-rl_caption=\"\" data-rel=\"lightbox-gallery-1\"><img loading=\"lazy\" decoding=\"async\" width=\"150\" height=\"150\" src=\"https:\/\/www.feuerwehr-eddelak.de\/wcms\/wp-content\/uploads\/2024\/11\/4700378b-ec11-4334-9ae8-4a7c3c50a8f2-150x150.jpeg\" class=\"attachment-thumbnail size-thumbnail\" alt=\"\" \/><\/a>\n\t\t\t<\/dt><\/dl><br style=\"clear: both\" \/><dl class='gallery-item'>\n\t\t\t<dt class='gallery-icon landscape'>\n\t\t\t\t<a href='https:\/\/www.feuerwehr-eddelak.de\/wcms\/wp-content\/uploads\/2024\/11\/68df1cbb-059f-4858-bc43-8817ab3674b2-scaled.jpeg' title=\"\" data-rl_title=\"\" class=\"rl-gallery-link\" data-rl_caption=\"\" data-rel=\"lightbox-gallery-1\"><img loading=\"lazy\" decoding=\"async\" width=\"150\" height=\"150\" src=\"https:\/\/www.feuerwehr-eddelak.de\/wcms\/wp-content\/uploads\/2024\/11\/68df1cbb-059f-4858-bc43-8817ab3674b2-150x150.jpeg\" class=\"attachment-thumbnail size-thumbnail\" alt=\"\" \/><\/a>\n\t\t\t<\/dt><\/dl>\n\t\t\t<br style='clear: both' \/>\n\t\t<\/div>\n","protected":false},"excerpt":{"rendered":"\nWir wurden gestern Abend um 23:39 Uhr zu einem Feuer, Klein im brunsb\u00fcttler Stadtgebiet alarmiert. Auf Anfahrt zum Einsatzort wurden wir durch die Einsatzleitung zu &hellip;","protected":false},"author":15,"featured_media":10974,"comment_status":"closed","ping_status":"open","sticky":false,"template":"","format":"standard","meta":{"ngg_post_thumbnail":0,"footnotes":""},"categories":[5,3],"tags":[],"class_list":["post-10973","post","type-post","status-publish","format-standard","has-post-thumbnail","hentry","category-einsatz","category-allgemein"],"_links":{"self":[{"href":"https:\/\/www.feuerwehr-eddelak.de\/wcms\/wp-json\/wp\/v2\/posts\/10973","targetHints":{"allow":["GET"]}}],"collection":[{"href":"https:\/\/www.feuerwehr-eddelak.de\/wcms\/wp-json\/wp\/v2\/posts"}],"about":[{"href":"https:\/\/www.feuerwehr-eddelak.de\/wcms\/wp-json\/wp\/v2\/types\/post"}],"author":[{"embeddable":true,"href":"https:\/\/www.feuerwehr-eddelak.de\/wcms\/wp-json\/wp\/v2\/users\/15"}],"replies":[{"embeddable":true,"href":"https:\/\/www.feuerwehr-eddelak.de\/wcms\/wp-json\/wp\/v2\/comments?post=10973"}],"version-history":[{"count":12,"href":"https:\/\/www.feuerwehr-eddelak.de\/wcms\/wp-json\/wp\/v2\/posts\/10973\/revisions"}],"predecessor-version":[{"id":10989,"href":"https:\/\/www.feuerwehr-eddelak.de\/wcms\/wp-json\/wp\/v2\/posts\/10973\/revisions\/10989"}],"wp:featuredmedia":[{"embeddable":true,"href":"https:\/\/www.feuerwehr-eddelak.de\/wcms\/wp-json\/wp\/v2\/media\/10974"}],"wp:attachment":[{"href":"https:\/\/www.feuerwehr-eddelak.de\/wcms\/wp-json\/wp\/v2\/media?parent=10973"}],"wp:term":[{"taxonomy":"category","embeddable":true,"href":"https:\/\/www.feuerwehr-eddelak.de\/wcms\/wp-json\/wp\/v2\/categories?post=10973"},{"taxonomy":"post_tag","embeddable":true,"href":"https:\/\/www.feuerwehr-eddelak.de\/wcms\/wp-json\/wp\/v2\/tags?post=10973"}],"curies":[{"name":"wp","href":"https:\/\/api.w.org\/{rel}","templated":true}]}}