{"id":11266,"date":"2025-05-21T23:48:08","date_gmt":"2025-05-21T21:48:08","guid":{"rendered":"https:\/\/www.feuerwehr-eddelak.de\/wcms\/?p=11266"},"modified":"2025-07-25T09:42:17","modified_gmt":"2025-07-25T07:42:17","slug":"zugdienst-mit-dem-thema-einsatzregeln","status":"publish","type":"post","link":"https:\/\/www.feuerwehr-eddelak.de\/wcms\/2025\/zugdienst-mit-dem-thema-einsatzregeln\/","title":{"rendered":"Zugdienst mit dem Thema Einsatzregeln"},"content":{"rendered":"<p data-start=\"119\" data-end=\"277\">Am vergangenen Mittwoch fand erneut ein Zugdienst statt. Thema des Abends waren die <strong data-start=\"203\" data-end=\"229\">Standard-Einsatzregeln<\/strong>, die in zwei Gruppen intensiv trainiert wurden.<\/p>\n<p data-start=\"279\" data-end=\"633\">W\u00e4hrend die erste Gruppe am Ger\u00e4tehaus \u00fcbte, war die zweite Gruppe in der Gartenstra\u00dfe und am Sportplatz aktiv. Es wurden L\u00f6schangriffe aufgebaut und die Aufgaben der einzelnen Trupps genau durchgegangen. Solche \u00dcbungen sind wichtig, um im Ernstfall jeden Handgriff sicher zu beherrschen und ein reibungsloses Zusammenspiel im Einsatz zu gew\u00e4hrleisten.<\/p>\n<p data-start=\"635\" data-end=\"828\">Nach drei \u00dcbungsdurchg\u00e4ngen trafen sich alle Teilnehmer in der Fahrzeughalle zur gemeinsamen Nachbesprechung. Der Abend klang anschlie\u00dfend mit einer leckeren Grillwurst in geselliger Runde aus.<\/p>\n\n\t\t<style type=\"text\/css\">\n\t\t\t#gallery-1 {\n\t\t\t\tmargin: auto;\n\t\t\t}\n\t\t\t#gallery-1 .gallery-item {\n\t\t\t\tfloat: left;\n\t\t\t\tmargin-top: 10px;\n\t\t\t\ttext-align: center;\n\t\t\t\twidth: 33%;\n\t\t\t}\n\t\t\t#gallery-1 img {\n\t\t\t\tborder: 2px solid #cfcfcf;\n\t\t\t}\n\t\t\t#gallery-1 .gallery-caption {\n\t\t\t\tmargin-left: 0;\n\t\t\t}\n\t\t\t\/* see gallery_shortcode() in wp-includes\/media.php *\/\n\t\t<\/style>\n\t\t<div id='gallery-1' class='gallery galleryid-11266 gallery-columns-3 gallery-size-thumbnail'><dl class='gallery-item'>\n\t\t\t<dt class='gallery-icon landscape'>\n\t\t\t\t<a href='https:\/\/www.feuerwehr-eddelak.de\/wcms\/wp-content\/uploads\/2025\/05\/IMG-20250521-WA0026-scaled.jpg' title=\"\" data-rl_title=\"\" class=\"rl-gallery-link\" data-rl_caption=\"\" data-rel=\"lightbox-gallery-1\"><img loading=\"lazy\" decoding=\"async\" width=\"150\" height=\"150\" src=\"https:\/\/www.feuerwehr-eddelak.de\/wcms\/wp-content\/uploads\/2025\/05\/IMG-20250521-WA0026-150x150.jpg\" class=\"attachment-thumbnail size-thumbnail\" alt=\"\" \/><\/a>\n\t\t\t<\/dt><\/dl><dl class='gallery-item'>\n\t\t\t<dt class='gallery-icon landscape'>\n\t\t\t\t<a href='https:\/\/www.feuerwehr-eddelak.de\/wcms\/wp-content\/uploads\/2025\/05\/IMG-20250521-WA0025-scaled.jpg' title=\"\" data-rl_title=\"\" class=\"rl-gallery-link\" data-rl_caption=\"\" data-rel=\"lightbox-gallery-1\"><img loading=\"lazy\" decoding=\"async\" width=\"150\" height=\"150\" src=\"https:\/\/www.feuerwehr-eddelak.de\/wcms\/wp-content\/uploads\/2025\/05\/IMG-20250521-WA0025-150x150.jpg\" class=\"attachment-thumbnail size-thumbnail\" alt=\"\" \/><\/a>\n\t\t\t<\/dt><\/dl><dl class='gallery-item'>\n\t\t\t<dt class='gallery-icon portrait'>\n\t\t\t\t<a href='https:\/\/www.feuerwehr-eddelak.de\/wcms\/wp-content\/uploads\/2025\/05\/IMG-20250521-WA0022-scaled.jpg' title=\"\" data-rl_title=\"\" class=\"rl-gallery-link\" data-rl_caption=\"\" data-rel=\"lightbox-gallery-1\"><img loading=\"lazy\" decoding=\"async\" width=\"150\" height=\"150\" src=\"https:\/\/www.feuerwehr-eddelak.de\/wcms\/wp-content\/uploads\/2025\/05\/IMG-20250521-WA0022-150x150.jpg\" class=\"attachment-thumbnail size-thumbnail\" alt=\"\" \/><\/a>\n\t\t\t<\/dt><\/dl><br style=\"clear: both\" \/><dl class='gallery-item'>\n\t\t\t<dt class='gallery-icon landscape'>\n\t\t\t\t<a href='https:\/\/www.feuerwehr-eddelak.de\/wcms\/wp-content\/uploads\/2025\/05\/IMG-20250521-WA0021-scaled.jpg' title=\"\" data-rl_title=\"\" class=\"rl-gallery-link\" data-rl_caption=\"\" data-rel=\"lightbox-gallery-1\"><img loading=\"lazy\" decoding=\"async\" width=\"150\" height=\"150\" src=\"https:\/\/www.feuerwehr-eddelak.de\/wcms\/wp-content\/uploads\/2025\/05\/IMG-20250521-WA0021-150x150.jpg\" class=\"attachment-thumbnail size-thumbnail\" alt=\"\" \/><\/a>\n\t\t\t<\/dt><\/dl><dl class='gallery-item'>\n\t\t\t<dt class='gallery-icon landscape'>\n\t\t\t\t<a href='https:\/\/www.feuerwehr-eddelak.de\/wcms\/wp-content\/uploads\/2025\/05\/IMG-20250521-WA0020-scaled.jpg' title=\"\" data-rl_title=\"\" class=\"rl-gallery-link\" data-rl_caption=\"\" data-rel=\"lightbox-gallery-1\"><img loading=\"lazy\" decoding=\"async\" width=\"150\" height=\"150\" src=\"https:\/\/www.feuerwehr-eddelak.de\/wcms\/wp-content\/uploads\/2025\/05\/IMG-20250521-WA0020-150x150.jpg\" class=\"attachment-thumbnail size-thumbnail\" alt=\"\" \/><\/a>\n\t\t\t<\/dt><\/dl><dl class='gallery-item'>\n\t\t\t<dt class='gallery-icon portrait'>\n\t\t\t\t<a href='https:\/\/www.feuerwehr-eddelak.de\/wcms\/wp-content\/uploads\/2025\/05\/IMG-20250521-WA0017-scaled.jpg' title=\"\" data-rl_title=\"\" class=\"rl-gallery-link\" data-rl_caption=\"\" data-rel=\"lightbox-gallery-1\"><img loading=\"lazy\" decoding=\"async\" width=\"150\" height=\"150\" src=\"https:\/\/www.feuerwehr-eddelak.de\/wcms\/wp-content\/uploads\/2025\/05\/IMG-20250521-WA0017-150x150.jpg\" class=\"attachment-thumbnail size-thumbnail\" alt=\"\" \/><\/a>\n\t\t\t<\/dt><\/dl><br style=\"clear: both\" \/>\n\t\t<\/div>\n\n\n\n<p><\/p>\n","protected":false},"excerpt":{"rendered":"Am vergangenen Mittwoch fand erneut ein Zugdienst statt. Thema des Abends waren die Standard-Einsatzregeln, die in zwei Gruppen intensiv trainiert wurden.\nW\u00e4hrend die erste Gruppe am &hellip;","protected":false},"author":14,"featured_media":11271,"comment_status":"closed","ping_status":"open","sticky":false,"template":"","format":"standard","meta":{"ngg_post_thumbnail":0,"footnotes":""},"categories":[3],"tags":[],"class_list":["post-11266","post","type-post","status-publish","format-standard","has-post-thumbnail","hentry","category-allgemein"],"_links":{"self":[{"href":"https:\/\/www.feuerwehr-eddelak.de\/wcms\/wp-json\/wp\/v2\/posts\/11266","targetHints":{"allow":["GET"]}}],"collection":[{"href":"https:\/\/www.feuerwehr-eddelak.de\/wcms\/wp-json\/wp\/v2\/posts"}],"about":[{"href":"https:\/\/www.feuerwehr-eddelak.de\/wcms\/wp-json\/wp\/v2\/types\/post"}],"author":[{"embeddable":true,"href":"https:\/\/www.feuerwehr-eddelak.de\/wcms\/wp-json\/wp\/v2\/users\/14"}],"replies":[{"embeddable":true,"href":"https:\/\/www.feuerwehr-eddelak.de\/wcms\/wp-json\/wp\/v2\/comments?post=11266"}],"version-history":[{"count":1,"href":"https:\/\/www.feuerwehr-eddelak.de\/wcms\/wp-json\/wp\/v2\/posts\/11266\/revisions"}],"predecessor-version":[{"id":11273,"href":"https:\/\/www.feuerwehr-eddelak.de\/wcms\/wp-json\/wp\/v2\/posts\/11266\/revisions\/11273"}],"wp:featuredmedia":[{"embeddable":true,"href":"https:\/\/www.feuerwehr-eddelak.de\/wcms\/wp-json\/wp\/v2\/media\/11271"}],"wp:attachment":[{"href":"https:\/\/www.feuerwehr-eddelak.de\/wcms\/wp-json\/wp\/v2\/media?parent=11266"}],"wp:term":[{"taxonomy":"category","embeddable":true,"href":"https:\/\/www.feuerwehr-eddelak.de\/wcms\/wp-json\/wp\/v2\/categories?post=11266"},{"taxonomy":"post_tag","embeddable":true,"href":"https:\/\/www.feuerwehr-eddelak.de\/wcms\/wp-json\/wp\/v2\/tags?post=11266"}],"curies":[{"name":"wp","href":"https:\/\/api.w.org\/{rel}","templated":true}]}}