{"id":11495,"date":"2025-10-12T20:00:04","date_gmt":"2025-10-12T18:00:04","guid":{"rendered":"https:\/\/www.feuerwehr-eddelak.de\/wcms\/?p=11495"},"modified":"2025-11-09T19:14:34","modified_gmt":"2025-11-09T18:14:34","slug":"hilfeanforderung-bei-brand-in-industrieanlage","status":"publish","type":"post","link":"https:\/\/www.feuerwehr-eddelak.de\/wcms\/2025\/hilfeanforderung-bei-brand-in-industrieanlage\/","title":{"rendered":"Hilfeanforderung bei Brand in Industrieanlage"},"content":{"rendered":"\n<p>Um 0.42 Uhr wurde unsere Wehr heute Nacht in unsere Nachbargemeinde Brunsb\u00fcttel gerufen. Ein Feuer in einer Industrieanlage, erforderte ein so hohes Kr\u00e4fte aufkommen der Brunsb\u00fcttler Wehr, dass sich die Einsatzleitung dazu entschloss zus\u00e4tzliche Kr\u00e4fte zur Unterst\u00fctzung anzufordern. Nahe dem Einsatzgeschehen wurden wir in einen Bereitstellungsraum stationiert. Von dort stellten wir Reserven f\u00fcr das Einsatzsgeschehen. Zus\u00e4tzlich \u00fcbernahmen wir die weiter Abdeckung des Brandschutzes der Stadt Brunsb\u00fcttel. Gl\u00fccklicherweise konnten die 29 Kr\u00e4fte unserer Wehr, nach knapp 2 Stunden, ihren Einsatz beenden, ohne dass wir aktiv ins Einsatzgeschehen eingreifen, noch eine Einsatzlage im Stadtgebiet \u00fcbernehmen mussten. <\/p>\n\n\n\n\t\t<style type=\"text\/css\">\n\t\t\t#gallery-1 {\n\t\t\t\tmargin: auto;\n\t\t\t}\n\t\t\t#gallery-1 .gallery-item {\n\t\t\t\tfloat: left;\n\t\t\t\tmargin-top: 10px;\n\t\t\t\ttext-align: center;\n\t\t\t\twidth: 33%;\n\t\t\t}\n\t\t\t#gallery-1 img {\n\t\t\t\tborder: 2px solid #cfcfcf;\n\t\t\t}\n\t\t\t#gallery-1 .gallery-caption {\n\t\t\t\tmargin-left: 0;\n\t\t\t}\n\t\t\t\/* see gallery_shortcode() in wp-includes\/media.php *\/\n\t\t<\/style>\n\t\t<div id='gallery-1' class='gallery galleryid-11495 gallery-columns-3 gallery-size-thumbnail'><dl class='gallery-item'>\n\t\t\t<dt class='gallery-icon portrait'>\n\t\t\t\t<a href='https:\/\/www.feuerwehr-eddelak.de\/wcms\/wp-content\/uploads\/2025\/10\/5b6bac36-e5b0-4a24-8898-783d0721b573.jpg' title=\"\" data-rl_title=\"\" class=\"rl-gallery-link\" data-rl_caption=\"\" data-rel=\"lightbox-gallery-1\"><img loading=\"lazy\" decoding=\"async\" width=\"150\" height=\"150\" src=\"https:\/\/www.feuerwehr-eddelak.de\/wcms\/wp-content\/uploads\/2025\/10\/5b6bac36-e5b0-4a24-8898-783d0721b573-150x150.jpg\" class=\"attachment-thumbnail size-thumbnail\" alt=\"\" \/><\/a>\n\t\t\t<\/dt><\/dl><dl class='gallery-item'>\n\t\t\t<dt class='gallery-icon landscape'>\n\t\t\t\t<a href='https:\/\/www.feuerwehr-eddelak.de\/wcms\/wp-content\/uploads\/2025\/10\/99fc14b0-d57e-4519-8dbb-8fbcbba831eb.jpg' title=\"\" data-rl_title=\"\" class=\"rl-gallery-link\" data-rl_caption=\"\" data-rel=\"lightbox-gallery-1\"><img loading=\"lazy\" decoding=\"async\" width=\"150\" height=\"150\" src=\"https:\/\/www.feuerwehr-eddelak.de\/wcms\/wp-content\/uploads\/2025\/10\/99fc14b0-d57e-4519-8dbb-8fbcbba831eb-150x150.jpg\" class=\"attachment-thumbnail size-thumbnail\" alt=\"\" \/><\/a>\n\t\t\t<\/dt><\/dl><dl class='gallery-item'>\n\t\t\t<dt class='gallery-icon landscape'>\n\t\t\t\t<a href='https:\/\/www.feuerwehr-eddelak.de\/wcms\/wp-content\/uploads\/2025\/10\/87830a1f-be89-4e67-b19f-f30d705d4958.jpg' title=\"\" data-rl_title=\"\" class=\"rl-gallery-link\" data-rl_caption=\"\" data-rel=\"lightbox-gallery-1\"><img loading=\"lazy\" decoding=\"async\" width=\"150\" height=\"150\" src=\"https:\/\/www.feuerwehr-eddelak.de\/wcms\/wp-content\/uploads\/2025\/10\/87830a1f-be89-4e67-b19f-f30d705d4958-150x150.jpg\" class=\"attachment-thumbnail size-thumbnail\" alt=\"\" \/><\/a>\n\t\t\t<\/dt><\/dl><br style=\"clear: both\" \/>\n\t\t<\/div>\n\n\n\n<p><\/p>\n","protected":false},"excerpt":{"rendered":"\nUm 0.42 Uhr wurde unsere Wehr heute Nacht in unsere Nachbargemeinde Brunsb\u00fcttel gerufen. Ein Feuer in einer Industrieanlage, erforderte ein so hohes Kr\u00e4fte aufkommen der &hellip;","protected":false},"author":16,"featured_media":11496,"comment_status":"closed","ping_status":"open","sticky":false,"template":"","format":"standard","meta":{"ngg_post_thumbnail":0,"footnotes":""},"categories":[5],"tags":[],"class_list":["post-11495","post","type-post","status-publish","format-standard","has-post-thumbnail","hentry","category-einsatz"],"_links":{"self":[{"href":"https:\/\/www.feuerwehr-eddelak.de\/wcms\/wp-json\/wp\/v2\/posts\/11495","targetHints":{"allow":["GET"]}}],"collection":[{"href":"https:\/\/www.feuerwehr-eddelak.de\/wcms\/wp-json\/wp\/v2\/posts"}],"about":[{"href":"https:\/\/www.feuerwehr-eddelak.de\/wcms\/wp-json\/wp\/v2\/types\/post"}],"author":[{"embeddable":true,"href":"https:\/\/www.feuerwehr-eddelak.de\/wcms\/wp-json\/wp\/v2\/users\/16"}],"replies":[{"embeddable":true,"href":"https:\/\/www.feuerwehr-eddelak.de\/wcms\/wp-json\/wp\/v2\/comments?post=11495"}],"version-history":[{"count":1,"href":"https:\/\/www.feuerwehr-eddelak.de\/wcms\/wp-json\/wp\/v2\/posts\/11495\/revisions"}],"predecessor-version":[{"id":11499,"href":"https:\/\/www.feuerwehr-eddelak.de\/wcms\/wp-json\/wp\/v2\/posts\/11495\/revisions\/11499"}],"wp:featuredmedia":[{"embeddable":true,"href":"https:\/\/www.feuerwehr-eddelak.de\/wcms\/wp-json\/wp\/v2\/media\/11496"}],"wp:attachment":[{"href":"https:\/\/www.feuerwehr-eddelak.de\/wcms\/wp-json\/wp\/v2\/media?parent=11495"}],"wp:term":[{"taxonomy":"category","embeddable":true,"href":"https:\/\/www.feuerwehr-eddelak.de\/wcms\/wp-json\/wp\/v2\/categories?post=11495"},{"taxonomy":"post_tag","embeddable":true,"href":"https:\/\/www.feuerwehr-eddelak.de\/wcms\/wp-json\/wp\/v2\/tags?post=11495"}],"curies":[{"name":"wp","href":"https:\/\/api.w.org\/{rel}","templated":true}]}}