{"id":11501,"date":"2025-10-15T19:35:00","date_gmt":"2025-10-15T17:35:00","guid":{"rendered":"https:\/\/www.feuerwehr-eddelak.de\/wcms\/?p=11501"},"modified":"2025-11-04T03:00:06","modified_gmt":"2025-11-04T02:00:06","slug":"alarmuebung-waehrend-des-zugdienstes","status":"publish","type":"post","link":"https:\/\/www.feuerwehr-eddelak.de\/wcms\/2025\/alarmuebung-waehrend-des-zugdienstes\/","title":{"rendered":"Alarm\u00fcbung w\u00e4hrend des Zugdienstes"},"content":{"rendered":"<p data-start=\"167\" data-end=\"475\"><strong data-start=\"167\" data-end=\"195\">Mittwochabend, 19:30 Uhr<\/strong> \u2013 eigentlich stand der regul\u00e4re Zugdienst unserer Wehr auf dem Plan. Doch kaum hatte die Einweisung begonnen, ert\u00f6nten pl\u00f6tzlich Sirene und Meldeempf\u00e4nger. Die Einsatzkr\u00e4fte r\u00fcckten umgehend in die Bahnhofstra\u00dfe zum Firmengel\u00e4nde von <strong data-start=\"451\" data-end=\"468\">K&amp;N Ger\u00fcstbau<\/strong> aus.<\/p>\n<p data-start=\"477\" data-end=\"755\">Alarmiert wurde ein <strong data-start=\"497\" data-end=\"543\">Feuer-Standard mit Menschenleben in Gefahr<\/strong>. Vor Ort stellte sich jedoch schnell heraus, dass es sich um die <strong data-start=\"609\" data-end=\"633\">j\u00e4hrliche Alarm\u00fcbung<\/strong> handelte. Dennoch blieb keine Zeit zum Verschnaufen \u2013 sechs Personen galten in einem gro\u00dfen Hallenkomplex als vermisst.<\/p>\n<p data-start=\"757\" data-end=\"1038\">Bereits bei der Erkundung zeigte sich eine starke Rauchentwicklung, die den <strong data-start=\"833\" data-end=\"861\">Einsatz unter Atemschutz<\/strong> erforderlich machte. Die ersten Trupps r\u00fcsteten sich z\u00fcgig aus und begannen mit der <strong data-start=\"946\" data-end=\"979\">Personensuche im Innenangriff<\/strong>. Parallel dazu wurde die <strong data-start=\"1005\" data-end=\"1035\">Wasserversorgung aufgebaut<\/strong>.<\/p>\n<p data-start=\"1040\" data-end=\"1433\">Um den Ausfall des Hydrantennetzes zu simulieren, richteten die Kameradinnen und Kameraden einen <strong data-start=\"1137\" data-end=\"1178\">Pendelverkehr mit Tankl\u00f6schfahrzeugen<\/strong> ein. Der <strong data-start=\"1188\" data-end=\"1238\">Faltbeh\u00e4lter mit 5.000 Litern Fassungsverm\u00f6gen<\/strong> diente als Puffer, um eine konstante Wasserversorgung sicherzustellen. Zus\u00e4tzlich wurde der Hydrant auf der gegen\u00fcberliegenden Stra\u00dfenseite genutzt und die Einsatzstelle umfassend abgesichert.<\/p>\n<p data-start=\"1435\" data-end=\"1672\">Nach kurzer Zeit konnten <strong data-start=\"1460\" data-end=\"1494\">alle sechs vermissten Personen<\/strong> \u2013 vier \u00dcbungspuppen und zwei Mitglieder der Jugendfeuerwehr \u2013 gefunden und gerettet werden. Die simulierten Brandstellen wurden abgel\u00f6scht und die Halle anschlie\u00dfend bel\u00fcftet.<\/p>\n<p data-start=\"1674\" data-end=\"1900\">Im Anschluss fand eine <strong data-start=\"1697\" data-end=\"1727\">gemeinsame Nachbesprechung<\/strong> statt, bei der die \u00dcbungsergebnisse reflektiert wurden. Die Firma <strong data-start=\"1794\" data-end=\"1811\">K&amp;N Ger\u00fcstbau<\/strong> versorgte die Einsatzkr\u00e4fte dabei dankenswerterweise mit Getr\u00e4nken und kleinen Snacks.<\/p>\n<p data-start=\"1902\" data-end=\"2139\">Ein besonderer Moment schloss den Abend ab: <strong data-start=\"1946\" data-end=\"1970\">Wehrf\u00fchrer Peter Ha\u00df<\/strong> \u00fcbergab feierlich den <strong data-start=\"1993\" data-end=\"2031\">Meldeempf\u00e4nger an Ean-Luca Ehrlich<\/strong>, der in zwei Tagen seinen 18. Geburtstag feiert und somit k\u00fcnftig offiziell an Eins\u00e4tzen teilnehmen darf.<\/p>\n<p data-start=\"1902\" data-end=\"2139\">An dieser Stelle bedanken wir uns herzlich bei der Firma K&amp;N Ger\u00fcstbau, wo wir die \u00d6rtlichkeiten zur \u00dcbung nutzen durften!<\/p>\n\n\n<figure class=\"wp-block-embed is-type-video is-provider-youtube wp-block-embed-youtube wp-embed-aspect-16-9 wp-has-aspect-ratio\"><div class=\"wp-block-embed__wrapper\">\n<iframe loading=\"lazy\" title=\"Alarm\u00fcbung 2025\" width=\"800\" height=\"450\" src=\"https:\/\/www.youtube.com\/embed\/k7HUCfOG06E?feature=oembed\" frameborder=\"0\" allow=\"accelerometer; autoplay; clipboard-write; encrypted-media; gyroscope; picture-in-picture; web-share\" referrerpolicy=\"strict-origin-when-cross-origin\" allowfullscreen><\/iframe>\n<\/div><\/figure>\n\n\n\n\t\t<style type=\"text\/css\">\n\t\t\t#gallery-1 {\n\t\t\t\tmargin: auto;\n\t\t\t}\n\t\t\t#gallery-1 .gallery-item {\n\t\t\t\tfloat: left;\n\t\t\t\tmargin-top: 10px;\n\t\t\t\ttext-align: center;\n\t\t\t\twidth: 33%;\n\t\t\t}\n\t\t\t#gallery-1 img {\n\t\t\t\tborder: 2px solid #cfcfcf;\n\t\t\t}\n\t\t\t#gallery-1 .gallery-caption {\n\t\t\t\tmargin-left: 0;\n\t\t\t}\n\t\t\t\/* see gallery_shortcode() in wp-includes\/media.php *\/\n\t\t<\/style>\n\t\t<div id='gallery-1' class='gallery galleryid-11501 gallery-columns-3 gallery-size-thumbnail'><dl class='gallery-item'>\n\t\t\t<dt class='gallery-icon landscape'>\n\t\t\t\t<a href='https:\/\/www.feuerwehr-eddelak.de\/wcms\/wp-content\/uploads\/2025\/10\/IMG-20251016-WA0001-scaled.jpg' title=\"\" data-rl_title=\"\" class=\"rl-gallery-link\" data-rl_caption=\"\" data-rel=\"lightbox-gallery-1\"><img loading=\"lazy\" decoding=\"async\" width=\"150\" height=\"150\" src=\"https:\/\/www.feuerwehr-eddelak.de\/wcms\/wp-content\/uploads\/2025\/10\/IMG-20251016-WA0001-150x150.jpg\" class=\"attachment-thumbnail size-thumbnail\" alt=\"\" \/><\/a>\n\t\t\t<\/dt><\/dl><dl class='gallery-item'>\n\t\t\t<dt class='gallery-icon landscape'>\n\t\t\t\t<a href='https:\/\/www.feuerwehr-eddelak.de\/wcms\/wp-content\/uploads\/2025\/10\/IMG-20251016-WA0002-scaled.jpg' title=\"\" data-rl_title=\"\" class=\"rl-gallery-link\" data-rl_caption=\"\" data-rel=\"lightbox-gallery-1\"><img loading=\"lazy\" decoding=\"async\" width=\"150\" height=\"150\" src=\"https:\/\/www.feuerwehr-eddelak.de\/wcms\/wp-content\/uploads\/2025\/10\/IMG-20251016-WA0002-150x150.jpg\" class=\"attachment-thumbnail size-thumbnail\" alt=\"\" \/><\/a>\n\t\t\t<\/dt><\/dl><dl class='gallery-item'>\n\t\t\t<dt class='gallery-icon landscape'>\n\t\t\t\t<a href='https:\/\/www.feuerwehr-eddelak.de\/wcms\/wp-content\/uploads\/2025\/10\/IMG-20251016-WA0003-scaled.jpg' title=\"\" data-rl_title=\"\" class=\"rl-gallery-link\" data-rl_caption=\"\" data-rel=\"lightbox-gallery-1\"><img loading=\"lazy\" decoding=\"async\" width=\"150\" height=\"150\" src=\"https:\/\/www.feuerwehr-eddelak.de\/wcms\/wp-content\/uploads\/2025\/10\/IMG-20251016-WA0003-150x150.jpg\" class=\"attachment-thumbnail size-thumbnail\" alt=\"\" \/><\/a>\n\t\t\t<\/dt><\/dl><br style=\"clear: both\" \/><dl class='gallery-item'>\n\t\t\t<dt class='gallery-icon landscape'>\n\t\t\t\t<a href='https:\/\/www.feuerwehr-eddelak.de\/wcms\/wp-content\/uploads\/2025\/10\/IMG-20251016-WA0004-scaled.jpg' title=\"\" data-rl_title=\"\" class=\"rl-gallery-link\" data-rl_caption=\"\" data-rel=\"lightbox-gallery-1\"><img loading=\"lazy\" decoding=\"async\" width=\"150\" height=\"150\" src=\"https:\/\/www.feuerwehr-eddelak.de\/wcms\/wp-content\/uploads\/2025\/10\/IMG-20251016-WA0004-150x150.jpg\" class=\"attachment-thumbnail size-thumbnail\" alt=\"\" \/><\/a>\n\t\t\t<\/dt><\/dl><dl class='gallery-item'>\n\t\t\t<dt class='gallery-icon portrait'>\n\t\t\t\t<a href='https:\/\/www.feuerwehr-eddelak.de\/wcms\/wp-content\/uploads\/2025\/10\/IMG-20251016-WA0005-scaled.jpg' title=\"\" data-rl_title=\"\" class=\"rl-gallery-link\" data-rl_caption=\"\" data-rel=\"lightbox-gallery-1\"><img loading=\"lazy\" decoding=\"async\" width=\"150\" height=\"150\" src=\"https:\/\/www.feuerwehr-eddelak.de\/wcms\/wp-content\/uploads\/2025\/10\/IMG-20251016-WA0005-150x150.jpg\" class=\"attachment-thumbnail size-thumbnail\" alt=\"\" \/><\/a>\n\t\t\t<\/dt><\/dl><dl class='gallery-item'>\n\t\t\t<dt class='gallery-icon portrait'>\n\t\t\t\t<a href='https:\/\/www.feuerwehr-eddelak.de\/wcms\/wp-content\/uploads\/2025\/10\/IMG-20251016-WA0006-scaled.jpg' title=\"\" data-rl_title=\"\" class=\"rl-gallery-link\" data-rl_caption=\"\" data-rel=\"lightbox-gallery-1\"><img loading=\"lazy\" decoding=\"async\" width=\"150\" height=\"150\" src=\"https:\/\/www.feuerwehr-eddelak.de\/wcms\/wp-content\/uploads\/2025\/10\/IMG-20251016-WA0006-150x150.jpg\" class=\"attachment-thumbnail size-thumbnail\" alt=\"\" \/><\/a>\n\t\t\t<\/dt><\/dl><br style=\"clear: both\" \/><dl class='gallery-item'>\n\t\t\t<dt class='gallery-icon portrait'>\n\t\t\t\t<a href='https:\/\/www.feuerwehr-eddelak.de\/wcms\/wp-content\/uploads\/2025\/10\/IMG-20251016-WA0007-scaled.jpg' title=\"\" data-rl_title=\"\" class=\"rl-gallery-link\" data-rl_caption=\"\" data-rel=\"lightbox-gallery-1\"><img loading=\"lazy\" decoding=\"async\" width=\"150\" height=\"150\" src=\"https:\/\/www.feuerwehr-eddelak.de\/wcms\/wp-content\/uploads\/2025\/10\/IMG-20251016-WA0007-150x150.jpg\" class=\"attachment-thumbnail size-thumbnail\" alt=\"\" \/><\/a>\n\t\t\t<\/dt><\/dl><dl class='gallery-item'>\n\t\t\t<dt class='gallery-icon portrait'>\n\t\t\t\t<a href='https:\/\/www.feuerwehr-eddelak.de\/wcms\/wp-content\/uploads\/2025\/10\/IMG-20251016-WA0008-scaled.jpg' title=\"\" data-rl_title=\"\" class=\"rl-gallery-link\" data-rl_caption=\"\" data-rel=\"lightbox-gallery-1\"><img loading=\"lazy\" decoding=\"async\" width=\"150\" height=\"150\" src=\"https:\/\/www.feuerwehr-eddelak.de\/wcms\/wp-content\/uploads\/2025\/10\/IMG-20251016-WA0008-150x150.jpg\" class=\"attachment-thumbnail size-thumbnail\" alt=\"\" \/><\/a>\n\t\t\t<\/dt><\/dl><dl class='gallery-item'>\n\t\t\t<dt class='gallery-icon landscape'>\n\t\t\t\t<a href='https:\/\/www.feuerwehr-eddelak.de\/wcms\/wp-content\/uploads\/2025\/10\/IMG-20251016-WA0009-scaled.jpg' title=\"\" data-rl_title=\"\" class=\"rl-gallery-link\" data-rl_caption=\"\" data-rel=\"lightbox-gallery-1\"><img loading=\"lazy\" decoding=\"async\" width=\"150\" height=\"150\" src=\"https:\/\/www.feuerwehr-eddelak.de\/wcms\/wp-content\/uploads\/2025\/10\/IMG-20251016-WA0009-150x150.jpg\" class=\"attachment-thumbnail size-thumbnail\" alt=\"\" \/><\/a>\n\t\t\t<\/dt><\/dl><br style=\"clear: both\" \/><dl class='gallery-item'>\n\t\t\t<dt class='gallery-icon landscape'>\n\t\t\t\t<a href='https:\/\/www.feuerwehr-eddelak.de\/wcms\/wp-content\/uploads\/2025\/10\/IMG-20251016-WA0010-scaled.jpg' title=\"\" data-rl_title=\"\" class=\"rl-gallery-link\" data-rl_caption=\"\" data-rel=\"lightbox-gallery-1\"><img loading=\"lazy\" decoding=\"async\" width=\"150\" height=\"150\" src=\"https:\/\/www.feuerwehr-eddelak.de\/wcms\/wp-content\/uploads\/2025\/10\/IMG-20251016-WA0010-150x150.jpg\" class=\"attachment-thumbnail size-thumbnail\" alt=\"\" \/><\/a>\n\t\t\t<\/dt><\/dl><dl class='gallery-item'>\n\t\t\t<dt class='gallery-icon portrait'>\n\t\t\t\t<a href='https:\/\/www.feuerwehr-eddelak.de\/wcms\/wp-content\/uploads\/2025\/10\/IMG-20251016-WA0011-scaled.jpg' title=\"\" data-rl_title=\"\" class=\"rl-gallery-link\" data-rl_caption=\"\" data-rel=\"lightbox-gallery-1\"><img loading=\"lazy\" decoding=\"async\" width=\"150\" height=\"150\" src=\"https:\/\/www.feuerwehr-eddelak.de\/wcms\/wp-content\/uploads\/2025\/10\/IMG-20251016-WA0011-150x150.jpg\" class=\"attachment-thumbnail size-thumbnail\" alt=\"\" \/><\/a>\n\t\t\t<\/dt><\/dl><dl class='gallery-item'>\n\t\t\t<dt class='gallery-icon landscape'>\n\t\t\t\t<a href='https:\/\/www.feuerwehr-eddelak.de\/wcms\/wp-content\/uploads\/2025\/10\/IMG-20251016-WA0012-scaled.jpg' title=\"\" data-rl_title=\"\" class=\"rl-gallery-link\" data-rl_caption=\"\" data-rel=\"lightbox-gallery-1\"><img loading=\"lazy\" decoding=\"async\" width=\"150\" height=\"150\" src=\"https:\/\/www.feuerwehr-eddelak.de\/wcms\/wp-content\/uploads\/2025\/10\/IMG-20251016-WA0012-150x150.jpg\" class=\"attachment-thumbnail size-thumbnail\" alt=\"\" \/><\/a>\n\t\t\t<\/dt><\/dl><br style=\"clear: both\" \/><dl class='gallery-item'>\n\t\t\t<dt class='gallery-icon landscape'>\n\t\t\t\t<a href='https:\/\/www.feuerwehr-eddelak.de\/wcms\/wp-content\/uploads\/2025\/10\/IMG-20251016-WA0013-scaled.jpg' title=\"\" data-rl_title=\"\" class=\"rl-gallery-link\" data-rl_caption=\"\" data-rel=\"lightbox-gallery-1\"><img loading=\"lazy\" decoding=\"async\" width=\"150\" height=\"150\" src=\"https:\/\/www.feuerwehr-eddelak.de\/wcms\/wp-content\/uploads\/2025\/10\/IMG-20251016-WA0013-150x150.jpg\" class=\"attachment-thumbnail size-thumbnail\" alt=\"\" \/><\/a>\n\t\t\t<\/dt><\/dl><dl class='gallery-item'>\n\t\t\t<dt class='gallery-icon landscape'>\n\t\t\t\t<a href='https:\/\/www.feuerwehr-eddelak.de\/wcms\/wp-content\/uploads\/2025\/10\/IMG-20251016-WA0014-scaled.jpg' title=\"\" data-rl_title=\"\" class=\"rl-gallery-link\" data-rl_caption=\"\" data-rel=\"lightbox-gallery-1\"><img loading=\"lazy\" decoding=\"async\" width=\"150\" height=\"150\" src=\"https:\/\/www.feuerwehr-eddelak.de\/wcms\/wp-content\/uploads\/2025\/10\/IMG-20251016-WA0014-150x150.jpg\" class=\"attachment-thumbnail size-thumbnail\" alt=\"\" \/><\/a>\n\t\t\t<\/dt><\/dl>\n\t\t\t<br style='clear: both' \/>\n\t\t<\/div>\n","protected":false},"excerpt":{"rendered":"Mittwochabend, 19:30 Uhr \u2013 eigentlich stand der regul\u00e4re Zugdienst unserer Wehr auf dem Plan. Doch kaum hatte die Einweisung begonnen, ert\u00f6nten pl\u00f6tzlich Sirene und Meldeempf\u00e4nger. &hellip;","protected":false},"author":14,"featured_media":11505,"comment_status":"closed","ping_status":"open","sticky":false,"template":"","format":"standard","meta":{"ngg_post_thumbnail":0,"footnotes":""},"categories":[5],"tags":[],"class_list":["post-11501","post","type-post","status-publish","format-standard","has-post-thumbnail","hentry","category-einsatz"],"_links":{"self":[{"href":"https:\/\/www.feuerwehr-eddelak.de\/wcms\/wp-json\/wp\/v2\/posts\/11501","targetHints":{"allow":["GET"]}}],"collection":[{"href":"https:\/\/www.feuerwehr-eddelak.de\/wcms\/wp-json\/wp\/v2\/posts"}],"about":[{"href":"https:\/\/www.feuerwehr-eddelak.de\/wcms\/wp-json\/wp\/v2\/types\/post"}],"author":[{"embeddable":true,"href":"https:\/\/www.feuerwehr-eddelak.de\/wcms\/wp-json\/wp\/v2\/users\/14"}],"replies":[{"embeddable":true,"href":"https:\/\/www.feuerwehr-eddelak.de\/wcms\/wp-json\/wp\/v2\/comments?post=11501"}],"version-history":[{"count":1,"href":"https:\/\/www.feuerwehr-eddelak.de\/wcms\/wp-json\/wp\/v2\/posts\/11501\/revisions"}],"predecessor-version":[{"id":11516,"href":"https:\/\/www.feuerwehr-eddelak.de\/wcms\/wp-json\/wp\/v2\/posts\/11501\/revisions\/11516"}],"wp:featuredmedia":[{"embeddable":true,"href":"https:\/\/www.feuerwehr-eddelak.de\/wcms\/wp-json\/wp\/v2\/media\/11505"}],"wp:attachment":[{"href":"https:\/\/www.feuerwehr-eddelak.de\/wcms\/wp-json\/wp\/v2\/media?parent=11501"}],"wp:term":[{"taxonomy":"category","embeddable":true,"href":"https:\/\/www.feuerwehr-eddelak.de\/wcms\/wp-json\/wp\/v2\/categories?post=11501"},{"taxonomy":"post_tag","embeddable":true,"href":"https:\/\/www.feuerwehr-eddelak.de\/wcms\/wp-json\/wp\/v2\/tags?post=11501"}],"curies":[{"name":"wp","href":"https:\/\/api.w.org\/{rel}","templated":true}]}}