{"id":11520,"date":"2025-10-08T23:10:00","date_gmt":"2025-10-08T21:10:00","guid":{"rendered":"https:\/\/www.feuerwehr-eddelak.de\/wcms\/?p=11520"},"modified":"2025-10-21T05:21:00","modified_gmt":"2025-10-21T03:21:00","slug":"uebungstuer-offiziell-an-wehr-uebergeben","status":"publish","type":"post","link":"https:\/\/www.feuerwehr-eddelak.de\/wcms\/2025\/uebungstuer-offiziell-an-wehr-uebergeben\/","title":{"rendered":"\u00dcbungst\u00fcr offiziell an Wehr \u00fcbergeben"},"content":{"rendered":"\n<p>Grunds\u00e4tzlich gab es schon l\u00e4nger den Gedanken, wie k\u00f6nne man die Ausbildung im Bereich der T\u00fcr\u00f6ffneung intensivieren und vertiefen. Dabei kam der Gedanke auf eine \u00dcbungst\u00fcr. Jedoch sind die Kosten f\u00fcr solch ein Objekt mit ca. 8000 \u20ac ziemlich teuer! Da unsere Priorit\u00e4ten im Bereich der Finanzen eher anders gelagert sind, machte man sich auf die Suche nach einer Altenative. Bei dieser Suche kam man durch Zufall mit der ortsans\u00e4ssigen <a href=\"https:\/\/karl-wrede.de\/\">Stahlbaufirma Wrede<\/a> in Kontakt, welche gerne ihre Hilfe bei der Umsetzung dieses Projektes anbot.<\/p>\n\n\n\n<p>Es sollte ein Projekt f\u00fcr die Azubis werden, damit auch die Kosten im Rahmen blieben. \u201eEs wurde im Internet recherchiert, anschlie\u00dfend konstruiert und dann als 3-D-Modell f\u00fcr die Werkstatt erstellt\u201c, informierte Alexander F\u00fclster, Meister bei der Firma Wrede. Dann hat sich der Azubi Bj\u00f6rn Mehlert mit seinen Azubi-Kollegen ans Werk gemacht und die \u00dcbungst\u00fcr f\u00fcr die Wehr angefertigt.<\/p>\n\n\n\n<p>Am heutigen Dienstabend wurde die T\u00fcr offiziell von Alexander F\u00fclster, Benjamin Kassel und Bj\u00f6rn Mehlert an die Wehr \u00fcbergeben. Wehrf\u00fchrer Ha\u00df bedankte sich f\u00fcr die gro\u00dfz\u00fcgige Spende, die immerhin einen Wert von rund 3.500 Euro hat. Sie wurde mit Beton im Boden befestigt und steht jetzt zum \u00dcben zur Verf\u00fcgung.<\/p>\n\n\n\n<p>Nach der offiziellen \u00dcbergabe w\u00fcrde die T\u00fcr bereits f\u00fcr die erste Ausbildungseinheit genutzt, bei welcher auch Kameraden der FF Averlak mitwirkten. An der T\u00fcr kann die Verwendung von \u00d6ffnungssets f\u00fcr T\u00fcrschl\u00f6sser, die Verwendung unterschiedlichster Brechwerkzeuge und Bolzenschneider trainiert werden, um im Falle eines schnellen Zuganges Vorbereitet zu sein.<\/p>\n\n\n\n\t\t<style type=\"text\/css\">\n\t\t\t#gallery-1 {\n\t\t\t\tmargin: auto;\n\t\t\t}\n\t\t\t#gallery-1 .gallery-item {\n\t\t\t\tfloat: left;\n\t\t\t\tmargin-top: 10px;\n\t\t\t\ttext-align: center;\n\t\t\t\twidth: 33%;\n\t\t\t}\n\t\t\t#gallery-1 img {\n\t\t\t\tborder: 2px solid #cfcfcf;\n\t\t\t}\n\t\t\t#gallery-1 .gallery-caption {\n\t\t\t\tmargin-left: 0;\n\t\t\t}\n\t\t\t\/* see gallery_shortcode() in wp-includes\/media.php *\/\n\t\t<\/style>\n\t\t<div id='gallery-1' class='gallery galleryid-11520 gallery-columns-3 gallery-size-thumbnail'><dl class='gallery-item'>\n\t\t\t<dt class='gallery-icon landscape'>\n\t\t\t\t<a href='https:\/\/www.feuerwehr-eddelak.de\/wcms\/wp-content\/uploads\/2025\/10\/Ueb-Tuer_FF_Eddelak_1.jpg' title=\"\" data-rl_title=\"\" class=\"rl-gallery-link\" data-rl_caption=\"\" data-rel=\"lightbox-gallery-1\"><img loading=\"lazy\" decoding=\"async\" width=\"150\" height=\"150\" src=\"https:\/\/www.feuerwehr-eddelak.de\/wcms\/wp-content\/uploads\/2025\/10\/Ueb-Tuer_FF_Eddelak_1-150x150.jpg\" class=\"attachment-thumbnail size-thumbnail\" alt=\"Dennis Schneider und Wehrf\u00fchrer Peter Ha\u00df nehmen die \u00dcbungst\u00fcr von Azubi Bj\u00f6rn Mehlert, Alexander F\u00fclster und Benjamin Kassel von der Fa. Wrede entgegen\" \/><\/a>\n\t\t\t<\/dt><\/dl><dl class='gallery-item'>\n\t\t\t<dt class='gallery-icon landscape'>\n\t\t\t\t<a href='https:\/\/www.feuerwehr-eddelak.de\/wcms\/wp-content\/uploads\/2025\/10\/Ueb-Tuer_FF_Eddelak_2.jpg' title=\"\" data-rl_title=\"\" class=\"rl-gallery-link\" data-rl_caption=\"\" data-rel=\"lightbox-gallery-1\"><img loading=\"lazy\" decoding=\"async\" width=\"150\" height=\"150\" src=\"https:\/\/www.feuerwehr-eddelak.de\/wcms\/wp-content\/uploads\/2025\/10\/Ueb-Tuer_FF_Eddelak_2-150x150.jpg\" class=\"attachment-thumbnail size-thumbnail\" alt=\"\" \/><\/a>\n\t\t\t<\/dt><\/dl><dl class='gallery-item'>\n\t\t\t<dt class='gallery-icon portrait'>\n\t\t\t\t<a href='https:\/\/www.feuerwehr-eddelak.de\/wcms\/wp-content\/uploads\/2025\/10\/Ueb-Tuer_FF_Eddelak_3.jpg' title=\"\" data-rl_title=\"\" class=\"rl-gallery-link\" data-rl_caption=\"\" data-rel=\"lightbox-gallery-1\"><img loading=\"lazy\" decoding=\"async\" width=\"150\" height=\"150\" src=\"https:\/\/www.feuerwehr-eddelak.de\/wcms\/wp-content\/uploads\/2025\/10\/Ueb-Tuer_FF_Eddelak_3-150x150.jpg\" class=\"attachment-thumbnail size-thumbnail\" alt=\"\" \/><\/a>\n\t\t\t<\/dt><\/dl><br style=\"clear: both\" \/>\n\t\t<\/div>\n\n\n","protected":false},"excerpt":{"rendered":"\nGrunds\u00e4tzlich gab es schon l\u00e4nger den Gedanken, wie k\u00f6nne man die Ausbildung im Bereich der T\u00fcr\u00f6ffneung intensivieren und vertiefen. Dabei kam der Gedanke auf eine &hellip;","protected":false},"author":16,"featured_media":11521,"comment_status":"closed","ping_status":"open","sticky":false,"template":"","format":"standard","meta":{"ngg_post_thumbnail":0,"footnotes":""},"categories":[3],"tags":[],"class_list":["post-11520","post","type-post","status-publish","format-standard","has-post-thumbnail","hentry","category-allgemein"],"_links":{"self":[{"href":"https:\/\/www.feuerwehr-eddelak.de\/wcms\/wp-json\/wp\/v2\/posts\/11520","targetHints":{"allow":["GET"]}}],"collection":[{"href":"https:\/\/www.feuerwehr-eddelak.de\/wcms\/wp-json\/wp\/v2\/posts"}],"about":[{"href":"https:\/\/www.feuerwehr-eddelak.de\/wcms\/wp-json\/wp\/v2\/types\/post"}],"author":[{"embeddable":true,"href":"https:\/\/www.feuerwehr-eddelak.de\/wcms\/wp-json\/wp\/v2\/users\/16"}],"replies":[{"embeddable":true,"href":"https:\/\/www.feuerwehr-eddelak.de\/wcms\/wp-json\/wp\/v2\/comments?post=11520"}],"version-history":[{"count":5,"href":"https:\/\/www.feuerwehr-eddelak.de\/wcms\/wp-json\/wp\/v2\/posts\/11520\/revisions"}],"predecessor-version":[{"id":11530,"href":"https:\/\/www.feuerwehr-eddelak.de\/wcms\/wp-json\/wp\/v2\/posts\/11520\/revisions\/11530"}],"wp:featuredmedia":[{"embeddable":true,"href":"https:\/\/www.feuerwehr-eddelak.de\/wcms\/wp-json\/wp\/v2\/media\/11521"}],"wp:attachment":[{"href":"https:\/\/www.feuerwehr-eddelak.de\/wcms\/wp-json\/wp\/v2\/media?parent=11520"}],"wp:term":[{"taxonomy":"category","embeddable":true,"href":"https:\/\/www.feuerwehr-eddelak.de\/wcms\/wp-json\/wp\/v2\/categories?post=11520"},{"taxonomy":"post_tag","embeddable":true,"href":"https:\/\/www.feuerwehr-eddelak.de\/wcms\/wp-json\/wp\/v2\/tags?post=11520"}],"curies":[{"name":"wp","href":"https:\/\/api.w.org\/{rel}","templated":true}]}}