{"id":11533,"date":"2025-10-18T23:01:00","date_gmt":"2025-10-18T21:01:00","guid":{"rendered":"https:\/\/www.feuerwehr-eddelak.de\/wcms\/?p=11533"},"modified":"2025-10-21T05:19:43","modified_gmt":"2025-10-21T03:19:43","slug":"zuenftige-feierei-beim-kameradschaftsabend","status":"publish","type":"post","link":"https:\/\/www.feuerwehr-eddelak.de\/wcms\/2025\/zuenftige-feierei-beim-kameradschaftsabend\/","title":{"rendered":"Z\u00fcnftige Feierei beim Kameradschaftsabend"},"content":{"rendered":"\n<p>Zum heeutigen Kameradschaftsabend hatten der Festausschu\u00df und die Wehrf\u00fchrung unter dem Motto &#8222;Oktoberfest&#8220; geladen. Zahlreiche G\u00e4ste aus den Reihen der Wehrmitglieder, aber auch unterst\u00fctzende Mitglieder der Gesellschaft sind dem Motto gefolgt und sind im Dirndl oder der Lederhose gekommen. Nachdem Wehrf\u00fchrer Ha\u00df alle begr\u00fc\u00dft hatte, bat B\u00fcrgermeister Hauke Oeser um das Wort. Auch er begr\u00fc\u00dfte alle Anwesenden, bat dann aber den Kameraden Dennis Schneider zu sich hin, um seine Vereidigung als Stellvertretender Wehrf\u00fchrer unserer Wehr durchzuf\u00fchren. Aus Termingr\u00fcnden konnte diese noch nicht vollzogen werden, und fand jetzt hier seinen w\u00fcrdigen Rahmen.<\/p>\n\n\n\n<p>Anschlie\u00dfend ging es an das wohlschmeckende Essen, f\u00fcr welches Ha\u00df sich im Namen aller bei der neuen Gastwirtin Pia Paulus bedankte. Sie hatte vor kurzem den Betrieb \u00fcbernommen. <\/p>\n\n\n\n<p>Jetzt galt es f\u00fcr alle Anwesenden um ein ein gutes Auge und viel Gef\u00fchl. Der Festausschuss hatte Zuckerr\u00fcben in eine Wanne gelegt und die Anwesenden mussten das Gesamtgewicht sch\u00e4tzen. Den dritten Platz belegte Hans Walter Schoof, den zweiten Platz Susanne Ladwig und den ersten Platz, mit nur 5 Gramm Unterschied zum genauen Gewicht Gesa Dethlefs. Alle Gewinner erhielten Verzehrgutscheine von Suhr\u00b4s Gasthof. Der anschlie\u00dfende, durch die Tochter der Betreiber gezogene Sonderpreis ging an unseren Kameraden Michael Schwittay.<\/p>\n\n\n\n<p>Jetzt konnten endlich alle G\u00e4ste die Tanzfl\u00e4che von den G\u00e4sten erobern.<\/p>\n\n\n\n<p>Ab 21 Uhr wurden die T\u00fcre f\u00fcr die \u00d6ffentlichkeit ge\u00f6ffnet und zahlreiche Besucher von Nah und Fern gesellten sich zu den Feiernden. Bis in die f\u00fchen Morgenstunden genossen alle ein gelungenes Fest.<\/p>\n\n\n\n<p><\/p>\n\n\n\n\t\t<style type=\"text\/css\">\n\t\t\t#gallery-1 {\n\t\t\t\tmargin: auto;\n\t\t\t}\n\t\t\t#gallery-1 .gallery-item {\n\t\t\t\tfloat: left;\n\t\t\t\tmargin-top: 10px;\n\t\t\t\ttext-align: center;\n\t\t\t\twidth: 33%;\n\t\t\t}\n\t\t\t#gallery-1 img {\n\t\t\t\tborder: 2px solid #cfcfcf;\n\t\t\t}\n\t\t\t#gallery-1 .gallery-caption {\n\t\t\t\tmargin-left: 0;\n\t\t\t}\n\t\t\t\/* see gallery_shortcode() in wp-includes\/media.php *\/\n\t\t<\/style>\n\t\t<div id='gallery-1' class='gallery galleryid-11533 gallery-columns-3 gallery-size-thumbnail'><dl class='gallery-item'>\n\t\t\t<dt class='gallery-icon landscape'>\n\t\t\t\t<a href='https:\/\/www.feuerwehr-eddelak.de\/wcms\/wp-content\/uploads\/2025\/10\/Okto_2025_3.jpg' title=\"\" data-rl_title=\"\" class=\"rl-gallery-link\" data-rl_caption=\"\" data-rel=\"lightbox-gallery-1\"><img loading=\"lazy\" decoding=\"async\" width=\"150\" height=\"150\" src=\"https:\/\/www.feuerwehr-eddelak.de\/wcms\/wp-content\/uploads\/2025\/10\/Okto_2025_3-150x150.jpg\" class=\"attachment-thumbnail size-thumbnail\" alt=\"\" \/><\/a>\n\t\t\t<\/dt><\/dl><dl class='gallery-item'>\n\t\t\t<dt class='gallery-icon portrait'>\n\t\t\t\t<a href='https:\/\/www.feuerwehr-eddelak.de\/wcms\/wp-content\/uploads\/2025\/10\/Okto_2025_2.jpg' title=\"\" data-rl_title=\"\" class=\"rl-gallery-link\" data-rl_caption=\"\" data-rel=\"lightbox-gallery-1\"><img loading=\"lazy\" decoding=\"async\" width=\"150\" height=\"150\" src=\"https:\/\/www.feuerwehr-eddelak.de\/wcms\/wp-content\/uploads\/2025\/10\/Okto_2025_2-150x150.jpg\" class=\"attachment-thumbnail size-thumbnail\" alt=\"\" \/><\/a>\n\t\t\t<\/dt><\/dl><dl class='gallery-item'>\n\t\t\t<dt class='gallery-icon landscape'>\n\t\t\t\t<a href='https:\/\/www.feuerwehr-eddelak.de\/wcms\/wp-content\/uploads\/2025\/10\/Okto_2025_4.jpg' title=\"\" data-rl_title=\"\" class=\"rl-gallery-link\" data-rl_caption=\"\" data-rel=\"lightbox-gallery-1\"><img loading=\"lazy\" decoding=\"async\" width=\"150\" height=\"150\" src=\"https:\/\/www.feuerwehr-eddelak.de\/wcms\/wp-content\/uploads\/2025\/10\/Okto_2025_4-150x150.jpg\" class=\"attachment-thumbnail size-thumbnail\" alt=\"\" \/><\/a>\n\t\t\t<\/dt><\/dl><br style=\"clear: both\" \/><dl class='gallery-item'>\n\t\t\t<dt class='gallery-icon landscape'>\n\t\t\t\t<a href='https:\/\/www.feuerwehr-eddelak.de\/wcms\/wp-content\/uploads\/2025\/10\/Okto_2025_5.jpg' title=\"\" data-rl_title=\"\" class=\"rl-gallery-link\" data-rl_caption=\"\" data-rel=\"lightbox-gallery-1\"><img loading=\"lazy\" decoding=\"async\" width=\"150\" height=\"150\" src=\"https:\/\/www.feuerwehr-eddelak.de\/wcms\/wp-content\/uploads\/2025\/10\/Okto_2025_5-150x150.jpg\" class=\"attachment-thumbnail size-thumbnail\" alt=\"\" \/><\/a>\n\t\t\t<\/dt><\/dl><dl class='gallery-item'>\n\t\t\t<dt class='gallery-icon portrait'>\n\t\t\t\t<a href='https:\/\/www.feuerwehr-eddelak.de\/wcms\/wp-content\/uploads\/2025\/10\/Okto_2025_8.jpg' title=\"\" data-rl_title=\"\" class=\"rl-gallery-link\" data-rl_caption=\"\" data-rel=\"lightbox-gallery-1\"><img loading=\"lazy\" decoding=\"async\" width=\"150\" height=\"150\" src=\"https:\/\/www.feuerwehr-eddelak.de\/wcms\/wp-content\/uploads\/2025\/10\/Okto_2025_8-150x150.jpg\" class=\"attachment-thumbnail size-thumbnail\" alt=\"\" \/><\/a>\n\t\t\t<\/dt><\/dl><dl class='gallery-item'>\n\t\t\t<dt class='gallery-icon portrait'>\n\t\t\t\t<a href='https:\/\/www.feuerwehr-eddelak.de\/wcms\/wp-content\/uploads\/2025\/10\/Okto_2025_1.jpg' title=\"\" data-rl_title=\"\" class=\"rl-gallery-link\" data-rl_caption=\"\" data-rel=\"lightbox-gallery-1\"><img loading=\"lazy\" decoding=\"async\" width=\"150\" height=\"150\" src=\"https:\/\/www.feuerwehr-eddelak.de\/wcms\/wp-content\/uploads\/2025\/10\/Okto_2025_1-150x150.jpg\" class=\"attachment-thumbnail size-thumbnail\" alt=\"\" \/><\/a>\n\t\t\t<\/dt><\/dl><br style=\"clear: both\" \/><dl class='gallery-item'>\n\t\t\t<dt class='gallery-icon portrait'>\n\t\t\t\t<a href='https:\/\/www.feuerwehr-eddelak.de\/wcms\/wp-content\/uploads\/2025\/10\/Okto_2025_6.jpg' title=\"\" data-rl_title=\"\" class=\"rl-gallery-link\" data-rl_caption=\"\" data-rel=\"lightbox-gallery-1\"><img loading=\"lazy\" decoding=\"async\" width=\"150\" height=\"150\" src=\"https:\/\/www.feuerwehr-eddelak.de\/wcms\/wp-content\/uploads\/2025\/10\/Okto_2025_6-150x150.jpg\" class=\"attachment-thumbnail size-thumbnail\" alt=\"\" \/><\/a>\n\t\t\t<\/dt><\/dl><dl class='gallery-item'>\n\t\t\t<dt class='gallery-icon portrait'>\n\t\t\t\t<a href='https:\/\/www.feuerwehr-eddelak.de\/wcms\/wp-content\/uploads\/2025\/10\/Okto_2025_7.jpg' title=\"\" data-rl_title=\"\" class=\"rl-gallery-link\" data-rl_caption=\"\" data-rel=\"lightbox-gallery-1\"><img loading=\"lazy\" decoding=\"async\" width=\"150\" height=\"150\" src=\"https:\/\/www.feuerwehr-eddelak.de\/wcms\/wp-content\/uploads\/2025\/10\/Okto_2025_7-150x150.jpg\" class=\"attachment-thumbnail size-thumbnail\" alt=\"\" \/><\/a>\n\t\t\t<\/dt><\/dl>\n\t\t\t<br style='clear: both' \/>\n\t\t<\/div>\n","protected":false},"excerpt":{"rendered":"\nZum heeutigen Kameradschaftsabend hatten der Festausschu\u00df und die Wehrf\u00fchrung unter dem Motto &#8222;Oktoberfest&#8220; geladen. Zahlreiche G\u00e4ste aus den Reihen der Wehrmitglieder, aber auch unterst\u00fctzende Mitglieder &hellip;","protected":false},"author":16,"featured_media":11535,"comment_status":"closed","ping_status":"open","sticky":false,"template":"","format":"standard","meta":{"ngg_post_thumbnail":0,"footnotes":""},"categories":[3],"tags":[],"class_list":["post-11533","post","type-post","status-publish","format-standard","has-post-thumbnail","hentry","category-allgemein"],"_links":{"self":[{"href":"https:\/\/www.feuerwehr-eddelak.de\/wcms\/wp-json\/wp\/v2\/posts\/11533","targetHints":{"allow":["GET"]}}],"collection":[{"href":"https:\/\/www.feuerwehr-eddelak.de\/wcms\/wp-json\/wp\/v2\/posts"}],"about":[{"href":"https:\/\/www.feuerwehr-eddelak.de\/wcms\/wp-json\/wp\/v2\/types\/post"}],"author":[{"embeddable":true,"href":"https:\/\/www.feuerwehr-eddelak.de\/wcms\/wp-json\/wp\/v2\/users\/16"}],"replies":[{"embeddable":true,"href":"https:\/\/www.feuerwehr-eddelak.de\/wcms\/wp-json\/wp\/v2\/comments?post=11533"}],"version-history":[{"count":3,"href":"https:\/\/www.feuerwehr-eddelak.de\/wcms\/wp-json\/wp\/v2\/posts\/11533\/revisions"}],"predecessor-version":[{"id":11546,"href":"https:\/\/www.feuerwehr-eddelak.de\/wcms\/wp-json\/wp\/v2\/posts\/11533\/revisions\/11546"}],"wp:featuredmedia":[{"embeddable":true,"href":"https:\/\/www.feuerwehr-eddelak.de\/wcms\/wp-json\/wp\/v2\/media\/11535"}],"wp:attachment":[{"href":"https:\/\/www.feuerwehr-eddelak.de\/wcms\/wp-json\/wp\/v2\/media?parent=11533"}],"wp:term":[{"taxonomy":"category","embeddable":true,"href":"https:\/\/www.feuerwehr-eddelak.de\/wcms\/wp-json\/wp\/v2\/categories?post=11533"},{"taxonomy":"post_tag","embeddable":true,"href":"https:\/\/www.feuerwehr-eddelak.de\/wcms\/wp-json\/wp\/v2\/tags?post=11533"}],"curies":[{"name":"wp","href":"https:\/\/api.w.org\/{rel}","templated":true}]}}