{"id":12347,"date":"2026-08-31T09:40:38","date_gmt":"2026-08-31T07:40:38","guid":{"rendered":"https:\/\/www.feuerwehr-eddelak.de\/wcms\/?p=12347"},"modified":"2026-08-31T09:40:38","modified_gmt":"2026-08-31T07:40:38","slug":"motorrad-testteam-schaut-wieder-genauer-hin","status":"publish","type":"post","link":"https:\/\/www.feuerwehr-eddelak.de\/wcms\/2026\/motorrad-testteam-schaut-wieder-genauer-hin\/","title":{"rendered":"MOTORRAD-Testteam schaut wieder genauer hin"},"content":{"rendered":"<p>Erh\u00f6hte Schlagzahl: Nachdem die Eddelaker Kameraden bereits 2024 und 2025 jeweils einen Helmtest von Europas gr\u00f6\u00dftem Motorradmagazin fachlich begleitet und auch schon beim MOTORRAD-Fr\u00fchjahrshelmtest 2026 wertvolle Unterst\u00fctzung geleistet haben, kommt nun schon wieder ein gro\u00dfer Produkttest mit Eddelaker FF-Beteiligung an den Kiosk und in den Briefkasten der Abonnenten. Konkret: In der MOTORRAD-Ausgabe 19\/2026 (ersch. 28. August im Zeitschriftenhandel) ist u.a. nachzulesen, wie mehr oder weniger einfach es zehn Mittelklasse-Integralhelme (Verkaufspreis 199 bis 350 Euro) Ersthelfern machen, verunfallten Motorradfahrern den Helm m\u00f6glichst schnell und vor allem schonend vom Kopf zu nehmen. Das Eddelaker Test-Team arbeitete diesmal mit erh\u00f6hter Mannst\u00e4rke. Statt drei Kameraden kamen sechs Mann zum Einsatz. Die bew\u00e4hrte Know-how-Mischung blieb unver\u00e4ndert: Es legten sowohl \u201eProfis\u201c (Rettungsdienstler und Motorradfahrer) als auch \u201eLaien\u201c (Nicht-Motorradfahrer) Hand an \u2013 also genauso, wie es im realen Unfallgeschehen f\u00fcr Ersthelfer an der Einsatzstelle aussehen kann. Fazit vom Eddelaker Feuerwehrmann und langj\u00e4hrigen MOTORRAD-Redakteur Klaus Herder: \u201eMeine Kameraden haben mal wieder einen tollen Job gemacht. Und sie sind daher selbst schuld, dass wir sie bereits f\u00fcr den n\u00e4chsten Helmtest im Fr\u00fchjahr 2027 fest eingeplant haben!\u201c<\/p>\n<div class=\"wp-block-gallery has-nested-images columns-default is-cropped\">\n\n\t\t<style>\n\t\t\t#gallery-1 {\n\t\t\t\tmargin: auto;\n\t\t\t}\n\t\t\t#gallery-1 .gallery-item {\n\t\t\t\tfloat: left;\n\t\t\t\tmargin-top: 10px;\n\t\t\t\ttext-align: center;\n\t\t\t\twidth: 33%;\n\t\t\t}\n\t\t\t#gallery-1 img {\n\t\t\t\tborder: 2px solid #cfcfcf;\n\t\t\t}\n\t\t\t#gallery-1 .gallery-caption {\n\t\t\t\tmargin-left: 0;\n\t\t\t}\n\t\t\t\/* see gallery_shortcode() in wp-includes\/media.php *\/\n\t\t<\/style>\n\t\t<div id='gallery-1' class='gallery galleryid-12347 gallery-columns-3 gallery-size-thumbnail'><dl class='gallery-item'>\n\t\t\t<dt class='gallery-icon portrait'>\n\t\t\t\t<a href='https:\/\/www.feuerwehr-eddelak.de\/wcms\/wp-content\/uploads\/2026\/08\/IMG_3798-scaled.jpg' title=\"\" data-rl_title=\"\" class=\"rl-gallery-link\" data-rl_caption=\"\" data-rel=\"lightbox-gallery-1\"><img loading=\"lazy\" decoding=\"async\" width=\"150\" height=\"150\" src=\"https:\/\/www.feuerwehr-eddelak.de\/wcms\/wp-content\/uploads\/2026\/08\/IMG_3798-150x150.jpg\" class=\"attachment-thumbnail size-thumbnail\" alt=\"IMG_3798\" aria-describedby=\"gallery-1-12350\" \/><\/a>\n\t\t\t<\/dt>\n\t\t\t\t<dd class='wp-caption-text gallery-caption' id='gallery-1-12350'>\n\t\t\t\tIMG_3798\n\t\t\t\t<\/dd><\/dl><dl class='gallery-item'>\n\t\t\t<dt class='gallery-icon portrait'>\n\t\t\t\t<a href='https:\/\/www.feuerwehr-eddelak.de\/wcms\/wp-content\/uploads\/2026\/08\/IMG_3801-scaled.jpg' title=\"\" data-rl_title=\"\" class=\"rl-gallery-link\" data-rl_caption=\"\" data-rel=\"lightbox-gallery-1\"><img loading=\"lazy\" decoding=\"async\" width=\"150\" height=\"150\" src=\"https:\/\/www.feuerwehr-eddelak.de\/wcms\/wp-content\/uploads\/2026\/08\/IMG_3801-150x150.jpg\" class=\"attachment-thumbnail size-thumbnail\" alt=\"IMG_3801\" aria-describedby=\"gallery-1-12351\" \/><\/a>\n\t\t\t<\/dt>\n\t\t\t\t<dd class='wp-caption-text gallery-caption' id='gallery-1-12351'>\n\t\t\t\tIMG_3801\n\t\t\t\t<\/dd><\/dl><dl class='gallery-item'>\n\t\t\t<dt class='gallery-icon portrait'>\n\t\t\t\t<a href='https:\/\/www.feuerwehr-eddelak.de\/wcms\/wp-content\/uploads\/2026\/08\/IMG_3796-scaled.jpg' title=\"\" data-rl_title=\"\" class=\"rl-gallery-link\" data-rl_caption=\"\" data-rel=\"lightbox-gallery-1\"><img loading=\"lazy\" decoding=\"async\" width=\"150\" height=\"150\" src=\"https:\/\/www.feuerwehr-eddelak.de\/wcms\/wp-content\/uploads\/2026\/08\/IMG_3796-150x150.jpg\" class=\"attachment-thumbnail size-thumbnail\" alt=\"IMG_3796\" aria-describedby=\"gallery-1-12349\" \/><\/a>\n\t\t\t<\/dt>\n\t\t\t\t<dd class='wp-caption-text gallery-caption' id='gallery-1-12349'>\n\t\t\t\tIMG_3796\n\t\t\t\t<\/dd><\/dl><br style=\"clear: both\" \/><dl class='gallery-item'>\n\t\t\t<dt class='gallery-icon landscape'>\n\t\t\t\t<a href='https:\/\/www.feuerwehr-eddelak.de\/wcms\/wp-content\/uploads\/2026\/08\/IMG_3784-scaled.jpg' title=\"\" data-rl_title=\"\" class=\"rl-gallery-link\" data-rl_caption=\"\" data-rel=\"lightbox-gallery-1\"><img loading=\"lazy\" decoding=\"async\" width=\"150\" height=\"150\" src=\"https:\/\/www.feuerwehr-eddelak.de\/wcms\/wp-content\/uploads\/2026\/08\/IMG_3784-150x150.jpg\" class=\"attachment-thumbnail size-thumbnail\" alt=\"IMG_3784\" aria-describedby=\"gallery-1-12348\" \/><\/a>\n\t\t\t<\/dt>\n\t\t\t\t<dd class='wp-caption-text gallery-caption' id='gallery-1-12348'>\n\t\t\t\tIMG_3784\n\t\t\t\t<\/dd><\/dl><dl class='gallery-item'>\n\t\t\t<dt class='gallery-icon landscape'>\n\t\t\t\t<a href='https:\/\/www.feuerwehr-eddelak.de\/wcms\/wp-content\/uploads\/2026\/08\/IMG_3803-scaled.jpg' title=\"\" data-rl_title=\"\" class=\"rl-gallery-link\" data-rl_caption=\"\" data-rel=\"lightbox-gallery-1\"><img loading=\"lazy\" decoding=\"async\" width=\"150\" height=\"150\" src=\"https:\/\/www.feuerwehr-eddelak.de\/wcms\/wp-content\/uploads\/2026\/08\/IMG_3803-150x150.jpg\" class=\"attachment-thumbnail size-thumbnail\" alt=\"IMG_3803\" aria-describedby=\"gallery-1-12352\" \/><\/a>\n\t\t\t<\/dt>\n\t\t\t\t<dd class='wp-caption-text gallery-caption' id='gallery-1-12352'>\n\t\t\t\tIMG_3803\n\t\t\t\t<\/dd><\/dl><dl class='gallery-item'>\n\t\t\t<dt class='gallery-icon landscape'>\n\t\t\t\t<a href='https:\/\/www.feuerwehr-eddelak.de\/wcms\/wp-content\/uploads\/2026\/08\/MRD_2026_19-Produkttest.jpg' title=\"\" data-rl_title=\"\" class=\"rl-gallery-link\" data-rl_caption=\"\" data-rel=\"lightbox-gallery-1\"><img loading=\"lazy\" decoding=\"async\" width=\"150\" height=\"150\" src=\"https:\/\/www.feuerwehr-eddelak.de\/wcms\/wp-content\/uploads\/2026\/08\/MRD_2026_19-Produkttest-150x150.jpg\" class=\"attachment-thumbnail size-thumbnail\" alt=\"MRD_2026_19 Produkttest\" aria-describedby=\"gallery-1-12353\" \/><\/a>\n\t\t\t<\/dt>\n\t\t\t\t<dd class='wp-caption-text gallery-caption' id='gallery-1-12353'>\n\t\t\t\tMRD_2026_19 Produkttest\n\t\t\t\t<\/dd><\/dl><br style=\"clear: both\" \/>\n\t\t<\/div>\n\n<\/div>\n","protected":false},"excerpt":{"rendered":"Erh\u00f6hte Schlagzahl: Nachdem die Eddelaker Kameraden bereits 2024 und 2025 jeweils einen Helmtest von Europas gr\u00f6\u00dftem Motorradmagazin fachlich begleitet und auch schon beim MOTORRAD-Fr\u00fchjahrshelmtest 2026 &hellip;","protected":false},"author":1,"featured_media":12348,"comment_status":"closed","ping_status":"open","sticky":false,"template":"","format":"standard","meta":{"ngg_post_thumbnail":0,"homepage_teaser_y_offset":11,"author_text":"Klaus Herder","author_photo":"Klaus Herder","footnotes":""},"categories":[3],"tags":[],"class_list":["post-12347","post","type-post","status-publish","format-standard","has-post-thumbnail","hentry","category-allgemein"],"_links":{"self":[{"href":"https:\/\/www.feuerwehr-eddelak.de\/wcms\/wp-json\/wp\/v2\/posts\/12347","targetHints":{"allow":["GET"]}}],"collection":[{"href":"https:\/\/www.feuerwehr-eddelak.de\/wcms\/wp-json\/wp\/v2\/posts"}],"about":[{"href":"https:\/\/www.feuerwehr-eddelak.de\/wcms\/wp-json\/wp\/v2\/types\/post"}],"author":[{"embeddable":true,"href":"https:\/\/www.feuerwehr-eddelak.de\/wcms\/wp-json\/wp\/v2\/users\/1"}],"replies":[{"embeddable":true,"href":"https:\/\/www.feuerwehr-eddelak.de\/wcms\/wp-json\/wp\/v2\/comments?post=12347"}],"version-history":[{"count":3,"href":"https:\/\/www.feuerwehr-eddelak.de\/wcms\/wp-json\/wp\/v2\/posts\/12347\/revisions"}],"predecessor-version":[{"id":12358,"href":"https:\/\/www.feuerwehr-eddelak.de\/wcms\/wp-json\/wp\/v2\/posts\/12347\/revisions\/12358"}],"wp:featuredmedia":[{"embeddable":true,"href":"https:\/\/www.feuerwehr-eddelak.de\/wcms\/wp-json\/wp\/v2\/media\/12348"}],"wp:attachment":[{"href":"https:\/\/www.feuerwehr-eddelak.de\/wcms\/wp-json\/wp\/v2\/media?parent=12347"}],"wp:term":[{"taxonomy":"category","embeddable":true,"href":"https:\/\/www.feuerwehr-eddelak.de\/wcms\/wp-json\/wp\/v2\/categories?post=12347"},{"taxonomy":"post_tag","embeddable":true,"href":"https:\/\/www.feuerwehr-eddelak.de\/wcms\/wp-json\/wp\/v2\/tags?post=12347"}],"curies":[{"name":"wp","href":"https:\/\/api.w.org\/{rel}","templated":true}]}}