{"id":1434,"date":"2013-01-20T13:07:08","date_gmt":"2013-01-20T12:07:08","guid":{"rendered":"http:\/\/www.feuerwehr-eddelak.de\/wcms\/?p=1434"},"modified":"2017-05-21T02:03:44","modified_gmt":"2017-05-21T00:03:44","slug":"spenden-fur-dithmarscher-vereine-2","status":"publish","type":"post","link":"https:\/\/www.feuerwehr-eddelak.de\/wcms\/2013\/spenden-fur-dithmarscher-vereine-2\/","title":{"rendered":"Spenden f\u00fcr Dithmarscher Vereine"},"content":{"rendered":"<p>Dithmarscher Rundschau, 20.01.2013<\/p>\n<p><a  href=\"https:\/\/www.feuerwehr-eddelak.de\/wcms\/wp-content\/uploads\/2013\/02\/spenden-dithmarscher-vereine-2013-Untitled-1.jpg\" data-rel=\"lightbox-gallery-0\" data-rl_title=\"\" data-rl_caption=\"\"><img loading=\"lazy\" decoding=\"async\" class=\"alignnone size-full wp-image-1435\" title=\"\" alt=\"\" src=\"https:\/\/www.feuerwehr-eddelak.de\/wcms\/wp-content\/uploads\/2013\/02\/spenden-dithmarscher-vereine-2013-Untitled-1.jpg\" width=\"720\" height=\"222\" srcset=\"https:\/\/www.feuerwehr-eddelak.de\/wcms\/wp-content\/uploads\/2013\/02\/spenden-dithmarscher-vereine-2013-Untitled-1.jpg 720w, https:\/\/www.feuerwehr-eddelak.de\/wcms\/wp-content\/uploads\/2013\/02\/spenden-dithmarscher-vereine-2013-Untitled-1-300x92.jpg 300w\" sizes=\"auto, (max-width: 720px) 100vw, 720px\" \/><\/a><\/p>\n<p><strong>Dithmarscher Volks- und Raiffeisenbank \u00fcbergab Zweckertrag<\/strong><\/p>\n<p>MARNE (sc) Einmal j\u00e4hrlich werden Spendengelder aus dem Zweckertrag des Gewinnsparvereins der Dithmarscher Volks-und Raiffeisenbank an verschiedene Vereine im Kreisgebiet ausgesch\u00fcttet. In diesem Jahr fand die Spenden\u00fcbergabe in Burg statt. &#8222;Es gibt so unglaublich viele Ideen und Geschichten in Vereinen und Institutionen, deren Engagement wir gern finanziell unterst\u00fctzen&#8220;, erkl\u00e4rt Gesche Hinrichs von der Burger Filiale. Sparen, gewinnen und helfen ist die Devise. So berichteten Vertreter aus den unterschiedlichsten Vereinen von der Geldmittelverwendung, wie zum Beispiel Sandra Reimers vom F\u00f6rderverein Mobile Diabestisschuung aus Meldorf. Nick sei zum ersten Mal in seinem Leben auf einer Ferienfreizeit gewesen. Der Elf j\u00e4hrige. ist bereits als Kleinkind an Dia-betis Typ I erkrankt. &#8222;Leider glauben noch immer viel zu viele Menschen, dass durch eine Ern\u00e4hrungsumstellung der Krankheit entgegengewirkt werden kann&#8220;, bedauert Rei-mers von der Selbsthilfegruppe betroffener Eltern. Doch Nicks Bauchspeicheldr\u00fcse produziert seit fr\u00fchester Kindheit kein In-sulin. Weil dieses Hormon nicht hergestellt wird, m\u00fcssen,die Kinder mehrmals t\u00e4glich Insulin spritzen, um den K\u00f6rperzucker in Waage zu halten., &#8222;Das macht eine Teilnahme an einer Ferienfreizeit im herk\u00f6mmlichen Sinne schwierig&#8220;, erl\u00e4utert die medizinische Fachangestellte. Gemeinsam mit dem F\u00f6rderverein Mobile Diabetisschulung hat sie sie im vergangenen Jahr ein Diabestis-Sommercamp organisiert. &#8222;Das kostet nat\u00fcrlich eine Menge Geld, das der Verein allein gar nicht aufbringen kann. Wir sind unglaublich dankbar, dass uns die Dithmarscher VR-Bank dabei fi-nanziell unter die Arme gegrif-fen hat&#8220;, so Reimers. Das sei die sch\u00f6nste Woche seines Lebens gewesen, hatte sich auch Nick nach dem Camp bedankt. Eindr\u00fccke eines ande-ren Ferienzeltlagers brachte Dieter W\u00f6lke in Form eines kleines Fotohettchens mit. &#8222;Auch wir danken f\u00fcr die&#8216; Un-terst\u00fctzung f\u00fcr unser Sommerzeltlager, dass f\u00fcr Kinder organisiert wurde, die in den Ferien nicht in den Urlaub gefahren sind&#8220;, so der Vorsitzende der Siedlergemeinschaft St. Michaelisdonn. Bernd Schr\u00f6der hingegen berichtete von der Anschaffung, einer Musikanlage und eines Beamers f\u00fcr das Vereinsheim des TV Windbergen. &#8222;Seit wir diese Technik im Haus haben, kommen auch immer mehr Dorfbewohner einfach nur mal so vorbei. Das Gemeinschaftsleben wird unglaublich gef\u00f6rdert&#8220;, zeigte sich Schr\u00f6der begeistert. Kulturelle Veranstaltungen, Vereinsjubil\u00e4en oder auch die Anschaffung von Sportger\u00e4ten waren &#8218;auf den weiteren Wunsch listen, die unterst\u00fctzt wurden. Insgesamt wurden aus dem Zweckertrag 42 089,85 &#8218;Euro an Dithmarscher Vereine und Institutioneh gespendet. &#8222;Allein im Gesch\u00e4ftsgebiet Meldorf, Marne, Brunsb\u00fcttel, Eddelak und Burg konnte aus dem Spieleinsatz von \u00fcber 6 366 Gewinnsparlosen eine Summe in H\u00f6he von 16206,25 Euro verteilt werden&#8220;, freute sich auch Harald Sierks, Marktbereichsleiter f\u00fcr Dithmarschen S\u00fcd.<\/p>\n","protected":false},"excerpt":{"rendered":"Dithmarscher Rundschau, 20.01.2013\n\nDithmarscher Volks- und Raiffeisenbank \u00fcbergab Zweckertrag\nMARNE (sc) Einmal j\u00e4hrlich werden Spendengelder aus dem Zweckertrag des Gewinnsparvereins der Dithmarscher Volks-und Raiffeisenbank an verschiedene Vereine &hellip;","protected":false},"author":1,"featured_media":0,"comment_status":"closed","ping_status":"open","sticky":false,"template":"","format":"standard","meta":{"ngg_post_thumbnail":0,"footnotes":""},"categories":[3,9],"tags":[],"class_list":["post-1434","post","type-post","status-publish","format-standard","hentry","category-allgemein","category-presse"],"_links":{"self":[{"href":"https:\/\/www.feuerwehr-eddelak.de\/wcms\/wp-json\/wp\/v2\/posts\/1434","targetHints":{"allow":["GET"]}}],"collection":[{"href":"https:\/\/www.feuerwehr-eddelak.de\/wcms\/wp-json\/wp\/v2\/posts"}],"about":[{"href":"https:\/\/www.feuerwehr-eddelak.de\/wcms\/wp-json\/wp\/v2\/types\/post"}],"author":[{"embeddable":true,"href":"https:\/\/www.feuerwehr-eddelak.de\/wcms\/wp-json\/wp\/v2\/users\/1"}],"replies":[{"embeddable":true,"href":"https:\/\/www.feuerwehr-eddelak.de\/wcms\/wp-json\/wp\/v2\/comments?post=1434"}],"version-history":[{"count":5,"href":"https:\/\/www.feuerwehr-eddelak.de\/wcms\/wp-json\/wp\/v2\/posts\/1434\/revisions"}],"predecessor-version":[{"id":5665,"href":"https:\/\/www.feuerwehr-eddelak.de\/wcms\/wp-json\/wp\/v2\/posts\/1434\/revisions\/5665"}],"wp:attachment":[{"href":"https:\/\/www.feuerwehr-eddelak.de\/wcms\/wp-json\/wp\/v2\/media?parent=1434"}],"wp:term":[{"taxonomy":"category","embeddable":true,"href":"https:\/\/www.feuerwehr-eddelak.de\/wcms\/wp-json\/wp\/v2\/categories?post=1434"},{"taxonomy":"post_tag","embeddable":true,"href":"https:\/\/www.feuerwehr-eddelak.de\/wcms\/wp-json\/wp\/v2\/tags?post=1434"}],"curies":[{"name":"wp","href":"https:\/\/api.w.org\/{rel}","templated":true}]}}