{"id":1521,"date":"2013-01-13T23:13:40","date_gmt":"2013-01-13T22:13:40","guid":{"rendered":"http:\/\/www.feuerwehr-eddelak.de\/wcms\/?p=1521"},"modified":"2017-05-21T02:03:54","modified_gmt":"2017-05-21T00:03:54","slug":"ein-neuer-vorstand-und-ein-neues-feuerwehrauto","status":"publish","type":"post","link":"https:\/\/www.feuerwehr-eddelak.de\/wcms\/2013\/ein-neuer-vorstand-und-ein-neues-feuerwehrauto\/","title":{"rendered":"Jugendfeuerwehr &#8211; Ein neuer Vorstand und ein neues Feuerwehrauto"},"content":{"rendered":"<p>Versammlung der Jugendfeuerwehr Eddelak\/ St. Michaelisdonn<\/p>\n<div id=\"attachment_1522\" style=\"width: 310px\" class=\"wp-caption alignright\"><a  href=\"https:\/\/www.feuerwehr-eddelak.de\/wcms\/wp-content\/uploads\/2013\/03\/jf-jhv-2013.jpg\" data-rel=\"lightbox-gallery-0\" data-rl_title=\"\" data-rl_caption=\"\" title=\"\"><img loading=\"lazy\" decoding=\"async\" aria-describedby=\"caption-attachment-1522\" class=\"size-medium wp-image-1522\" alt=\"jf-jhv-2013\" src=\"https:\/\/www.feuerwehr-eddelak.de\/wcms\/wp-content\/uploads\/2013\/03\/jf-jhv-2013-300x154.jpg\" width=\"300\" height=\"154\" srcset=\"https:\/\/www.feuerwehr-eddelak.de\/wcms\/wp-content\/uploads\/2013\/03\/jf-jhv-2013-300x154.jpg 300w, https:\/\/www.feuerwehr-eddelak.de\/wcms\/wp-content\/uploads\/2013\/03\/jf-jhv-2013-1024x527.jpg 1024w, https:\/\/www.feuerwehr-eddelak.de\/wcms\/wp-content\/uploads\/2013\/03\/jf-jhv-2013.jpg 1467w\" sizes=\"auto, (max-width: 300px) 100vw, 300px\" \/><\/a><p id=\"caption-attachment-1522\" class=\"wp-caption-text\">Der neue Vorstand der JugendfeueJWehr EddelakjSt. Michaelisdonn (von lin ks): Ja n-Hendrik Koops, Lukas Mundt, Christopher Andree, Eileen<br \/>Ehrlich, Brian Thode, Jesse Haalck, Lennart Rehm, Marcel Oesau, Bennet Seehaber und Jan Lorenz. Foto: Stollberg<\/p><\/div>\n<p>Die seit knapp 20 Jahren bestehende Jugendwehr Eddelak\/ St. MIchaelisdann hat derzeit 25 Mitglieder im Alter von zehn bis 18 Jahren.<br \/>\nEDDELAK (ard) Es besteht zwar eine Warteliste, aber auf eine Auff\u00fcllung wurde verzichtet, da derzeit Fahrzeuge f\u00fcr gr\u00f6\u00dfere Fahrten nicht zur Verf\u00fcgung stehen.<\/p>\n<p>Das vergangene Jahr war von zahlreichen Aktivit\u00e4ten gepr\u00e4gt, wobei ein reichhaltiger Ausbildungsplan abgearbeitet wurde. Dieser ging vom richtigen Umgang mit Leitern, Formalausbildung, Aufbau eines L\u00f6schangriffs bis hin zur Verwendung von Ger\u00e4tschaften f\u00fcr die technische Hilfeleistung.<br \/>\nDass die Jugendlichen den Umgang mit den Ger\u00e4ten beherrschen, wurde eindrucksvoll auf einer Einsatz\u00dcbung der Kreisjugendfeuerwehr bewiesen. Zu den absolvierten Lehrg\u00e4ngen geh\u00f6rten unter anderem Jugendgruppenleiter Aufbau und Aufbau III sowie die Suchtpr\u00e4vention I.<\/p>\n<p>Amtswehrf\u00fchrer Dieter Kr\u00f6ger informierte die Jugendlichen, dass wohl Ende Februar mit der Auslieferung des Jugendfeuerwehrfahrzeuges zu rechnen ist. Dieses wird auch mit Blaulicht, Martinshorn und Funk ausgestattet sein.<\/p>\n<p>Der neue Vorstand der Jugendwehr sieht wie folgt aus: Jugendgruppenleiter Jan Lorenz; stellvertretender Jugendgruppen leiter Christopher Andree; Schriftf\u00fchrung Marcel Oesau; Kassenf\u00fchrung Jan Hendrik Koops; Jugendgruppenf\u00fchrung Averlak Brian Thode; Jugendgruppenf\u00fchrung Eddelak Lukas Mundt; Jugendgruppenf\u00fchrung St. Michaelisdonn\u00a0Lennart Rehm; Ger\u00e4tewartung Bennet Seehaber; Sicherheitsbeauftragte Eileen Ehrlich und Kassenpr\u00fcfer Jesse Haalek.<\/p>\n","protected":false},"excerpt":{"rendered":"Versammlung der Jugendfeuerwehr Eddelak\/ St. Michaelisdonn\nDer neue Vorstand der JugendfeueJWehr EddelakjSt. Michaelisdonn (von lin ks): Ja n-Hendrik Koops, Lukas Mundt, Christopher Andree, EileenEhrlich, Brian Thode, &hellip;","protected":false},"author":1,"featured_media":0,"comment_status":"closed","ping_status":"open","sticky":false,"template":"","format":"standard","meta":{"ngg_post_thumbnail":0,"footnotes":""},"categories":[3,9],"tags":[],"class_list":["post-1521","post","type-post","status-publish","format-standard","hentry","category-allgemein","category-presse"],"_links":{"self":[{"href":"https:\/\/www.feuerwehr-eddelak.de\/wcms\/wp-json\/wp\/v2\/posts\/1521","targetHints":{"allow":["GET"]}}],"collection":[{"href":"https:\/\/www.feuerwehr-eddelak.de\/wcms\/wp-json\/wp\/v2\/posts"}],"about":[{"href":"https:\/\/www.feuerwehr-eddelak.de\/wcms\/wp-json\/wp\/v2\/types\/post"}],"author":[{"embeddable":true,"href":"https:\/\/www.feuerwehr-eddelak.de\/wcms\/wp-json\/wp\/v2\/users\/1"}],"replies":[{"embeddable":true,"href":"https:\/\/www.feuerwehr-eddelak.de\/wcms\/wp-json\/wp\/v2\/comments?post=1521"}],"version-history":[{"count":6,"href":"https:\/\/www.feuerwehr-eddelak.de\/wcms\/wp-json\/wp\/v2\/posts\/1521\/revisions"}],"predecessor-version":[{"id":1526,"href":"https:\/\/www.feuerwehr-eddelak.de\/wcms\/wp-json\/wp\/v2\/posts\/1521\/revisions\/1526"}],"wp:attachment":[{"href":"https:\/\/www.feuerwehr-eddelak.de\/wcms\/wp-json\/wp\/v2\/media?parent=1521"}],"wp:term":[{"taxonomy":"category","embeddable":true,"href":"https:\/\/www.feuerwehr-eddelak.de\/wcms\/wp-json\/wp\/v2\/categories?post=1521"},{"taxonomy":"post_tag","embeddable":true,"href":"https:\/\/www.feuerwehr-eddelak.de\/wcms\/wp-json\/wp\/v2\/tags?post=1521"}],"curies":[{"name":"wp","href":"https:\/\/api.w.org\/{rel}","templated":true}]}}