{"id":1596,"date":"2013-04-10T00:26:59","date_gmt":"2013-04-09T22:26:59","guid":{"rendered":"http:\/\/www.feuerwehr-eddelak.de\/wcms\/?p=1596"},"modified":"2025-11-09T19:35:51","modified_gmt":"2025-11-09T18:35:51","slug":"truppmannausbildung","status":"publish","type":"post","link":"https:\/\/www.feuerwehr-eddelak.de\/wcms\/2013\/truppmannausbildung\/","title":{"rendered":"Truppmannausbildung"},"content":{"rendered":"<p>Eine gute Ausbildung ist sicher einer der wichtigsten Bausteine im Feuerwehrwesen. Feuerwehrfrauen und -m\u00e4nner die ihr Handwerkszeug aus dem FF beherrschen, die sich mit der Ausr\u00fcstung auskennen und diese einzusetzen wissen und vor allem die die Zusammenarbeit im Team meistern, die sind auch in der Lage im Ernstfall echte Hilfe leisten zu k\u00f6nnen.<\/p>\n<p>Der erste Schritt, sozusagen die Gesellenpr\u00fcfung der Feuerwehranw\u00e4rter oder frischen Feuerwehrangeh\u00f6rigen, ist hierbei die Truppmannausbildung. Die Ausbildung umfasst das Grundwissen und die Grundt\u00e4tigkeiten in der Feuerwehr. &#8222;Aufbau und Organisation der Feuerwehr&#8220;, &#8222;Verbrennungslehre und L\u00f6schen&#8220;, &#8222;Knoten und Stiche&#8220; stehen dabei genauso auf dem Ausbildungsplan wie &#8222;Die Gruppe im L\u00f6scheinsatz&#8220;.<\/p>\n<p>Diese Grundausbildung findet in den n\u00e4chsten Wochen immer Dienstags und Donnerstags am Eddelaker Ger\u00e4tehaus statt. Mehr als 20 Kameraden und Kameradinnen aus verschiedenen Wehren des Amtsbereichs finden sich dazu am Eddelaker Ger\u00e4tehaus ein.<\/p>\n\n\t\t<style type=\"text\/css\">\n\t\t\t#gallery-1 {\n\t\t\t\tmargin: auto;\n\t\t\t}\n\t\t\t#gallery-1 .gallery-item {\n\t\t\t\tfloat: left;\n\t\t\t\tmargin-top: 10px;\n\t\t\t\ttext-align: center;\n\t\t\t\twidth: 25%;\n\t\t\t}\n\t\t\t#gallery-1 img {\n\t\t\t\tborder: 2px solid #cfcfcf;\n\t\t\t}\n\t\t\t#gallery-1 .gallery-caption {\n\t\t\t\tmargin-left: 0;\n\t\t\t}\n\t\t\t\/* see gallery_shortcode() in wp-includes\/media.php *\/\n\t\t<\/style>\n\t\t<div id='gallery-1' class='gallery galleryid-1596 gallery-columns-4 gallery-size-thumbnail'><dl class='gallery-item'>\n\t\t\t<dt class='gallery-icon landscape'>\n\t\t\t\t<a href='https:\/\/www.feuerwehr-eddelak.de\/wcms\/wp-content\/uploads\/2013\/04\/IMG_0461.jpg' title=\"\" data-rl_title=\"\" class=\"rl-gallery-link\" data-rl_caption=\"\" data-rel=\"lightbox-gallery-1\"><img loading=\"lazy\" decoding=\"async\" width=\"150\" height=\"150\" src=\"https:\/\/www.feuerwehr-eddelak.de\/wcms\/wp-content\/uploads\/2013\/04\/IMG_0461-150x150.jpg\" class=\"attachment-thumbnail size-thumbnail\" alt=\"\" \/><\/a>\n\t\t\t<\/dt><\/dl><dl class='gallery-item'>\n\t\t\t<dt class='gallery-icon landscape'>\n\t\t\t\t<a href='https:\/\/www.feuerwehr-eddelak.de\/wcms\/wp-content\/uploads\/2013\/04\/IMG_0474.jpg' title=\"\" data-rl_title=\"\" class=\"rl-gallery-link\" data-rl_caption=\"\" data-rel=\"lightbox-gallery-1\"><img loading=\"lazy\" decoding=\"async\" width=\"150\" height=\"150\" src=\"https:\/\/www.feuerwehr-eddelak.de\/wcms\/wp-content\/uploads\/2013\/04\/IMG_0474-150x150.jpg\" class=\"attachment-thumbnail size-thumbnail\" alt=\"\" \/><\/a>\n\t\t\t<\/dt><\/dl><dl class='gallery-item'>\n\t\t\t<dt class='gallery-icon landscape'>\n\t\t\t\t<a href='https:\/\/www.feuerwehr-eddelak.de\/wcms\/wp-content\/uploads\/2013\/04\/IMG_0478.jpg' title=\"\" data-rl_title=\"\" class=\"rl-gallery-link\" data-rl_caption=\"\" data-rel=\"lightbox-gallery-1\"><img loading=\"lazy\" decoding=\"async\" width=\"150\" height=\"150\" src=\"https:\/\/www.feuerwehr-eddelak.de\/wcms\/wp-content\/uploads\/2013\/04\/IMG_0478-150x150.jpg\" class=\"attachment-thumbnail size-thumbnail\" alt=\"\" \/><\/a>\n\t\t\t<\/dt><\/dl><dl class='gallery-item'>\n\t\t\t<dt class='gallery-icon landscape'>\n\t\t\t\t<a href='https:\/\/www.feuerwehr-eddelak.de\/wcms\/wp-content\/uploads\/2013\/04\/IMG_0479.jpg' title=\"\" data-rl_title=\"\" class=\"rl-gallery-link\" data-rl_caption=\"\" data-rel=\"lightbox-gallery-1\"><img loading=\"lazy\" decoding=\"async\" width=\"150\" height=\"150\" src=\"https:\/\/www.feuerwehr-eddelak.de\/wcms\/wp-content\/uploads\/2013\/04\/IMG_0479-150x150.jpg\" class=\"attachment-thumbnail size-thumbnail\" alt=\"\" \/><\/a>\n\t\t\t<\/dt><\/dl><br style=\"clear: both\" \/><dl class='gallery-item'>\n\t\t\t<dt class='gallery-icon landscape'>\n\t\t\t\t<a href='https:\/\/www.feuerwehr-eddelak.de\/wcms\/wp-content\/uploads\/2013\/04\/IMG_0486.jpg' title=\"\" data-rl_title=\"\" class=\"rl-gallery-link\" data-rl_caption=\"\" data-rel=\"lightbox-gallery-1\"><img loading=\"lazy\" decoding=\"async\" width=\"150\" height=\"150\" src=\"https:\/\/www.feuerwehr-eddelak.de\/wcms\/wp-content\/uploads\/2013\/04\/IMG_0486-150x150.jpg\" class=\"attachment-thumbnail size-thumbnail\" alt=\"\" \/><\/a>\n\t\t\t<\/dt><\/dl><dl class='gallery-item'>\n\t\t\t<dt class='gallery-icon landscape'>\n\t\t\t\t<a href='https:\/\/www.feuerwehr-eddelak.de\/wcms\/wp-content\/uploads\/2013\/04\/IMG_0490.jpg' title=\"\" data-rl_title=\"\" class=\"rl-gallery-link\" data-rl_caption=\"\" data-rel=\"lightbox-gallery-1\"><img loading=\"lazy\" decoding=\"async\" width=\"150\" height=\"150\" src=\"https:\/\/www.feuerwehr-eddelak.de\/wcms\/wp-content\/uploads\/2013\/04\/IMG_0490-150x150.jpg\" class=\"attachment-thumbnail size-thumbnail\" alt=\"\" \/><\/a>\n\t\t\t<\/dt><\/dl><dl class='gallery-item'>\n\t\t\t<dt class='gallery-icon landscape'>\n\t\t\t\t<a href='https:\/\/www.feuerwehr-eddelak.de\/wcms\/wp-content\/uploads\/2013\/04\/IMG_0495.jpg' title=\"\" data-rl_title=\"\" class=\"rl-gallery-link\" data-rl_caption=\"\" data-rel=\"lightbox-gallery-1\"><img loading=\"lazy\" decoding=\"async\" width=\"150\" height=\"150\" src=\"https:\/\/www.feuerwehr-eddelak.de\/wcms\/wp-content\/uploads\/2013\/04\/IMG_0495-150x150.jpg\" class=\"attachment-thumbnail size-thumbnail\" alt=\"\" \/><\/a>\n\t\t\t<\/dt><\/dl><dl class='gallery-item'>\n\t\t\t<dt class='gallery-icon landscape'>\n\t\t\t\t<a href='https:\/\/www.feuerwehr-eddelak.de\/wcms\/wp-content\/uploads\/2013\/04\/IMG_0532.jpg' title=\"\" data-rl_title=\"\" class=\"rl-gallery-link\" data-rl_caption=\"\" data-rel=\"lightbox-gallery-1\"><img loading=\"lazy\" decoding=\"async\" width=\"150\" height=\"150\" src=\"https:\/\/www.feuerwehr-eddelak.de\/wcms\/wp-content\/uploads\/2013\/04\/IMG_0532-150x150.jpg\" class=\"attachment-thumbnail size-thumbnail\" alt=\"\" \/><\/a>\n\t\t\t<\/dt><\/dl><br style=\"clear: both\" \/>\n\t\t<\/div>\n\n<p>&nbsp;<\/p>\n","protected":false},"excerpt":{"rendered":"Eine gute Ausbildung ist sicher einer der wichtigsten Bausteine im Feuerwehrwesen. Feuerwehrfrauen und -m\u00e4nner die ihr Handwerkszeug aus dem FF beherrschen, die sich mit der &hellip;","protected":false},"author":1,"featured_media":0,"comment_status":"closed","ping_status":"open","sticky":false,"template":"","format":"standard","meta":{"ngg_post_thumbnail":0,"footnotes":""},"categories":[3],"tags":[],"class_list":["post-1596","post","type-post","status-publish","format-standard","hentry","category-allgemein"],"_links":{"self":[{"href":"https:\/\/www.feuerwehr-eddelak.de\/wcms\/wp-json\/wp\/v2\/posts\/1596","targetHints":{"allow":["GET"]}}],"collection":[{"href":"https:\/\/www.feuerwehr-eddelak.de\/wcms\/wp-json\/wp\/v2\/posts"}],"about":[{"href":"https:\/\/www.feuerwehr-eddelak.de\/wcms\/wp-json\/wp\/v2\/types\/post"}],"author":[{"embeddable":true,"href":"https:\/\/www.feuerwehr-eddelak.de\/wcms\/wp-json\/wp\/v2\/users\/1"}],"replies":[{"embeddable":true,"href":"https:\/\/www.feuerwehr-eddelak.de\/wcms\/wp-json\/wp\/v2\/comments?post=1596"}],"version-history":[{"count":4,"href":"https:\/\/www.feuerwehr-eddelak.de\/wcms\/wp-json\/wp\/v2\/posts\/1596\/revisions"}],"predecessor-version":[{"id":5598,"href":"https:\/\/www.feuerwehr-eddelak.de\/wcms\/wp-json\/wp\/v2\/posts\/1596\/revisions\/5598"}],"wp:attachment":[{"href":"https:\/\/www.feuerwehr-eddelak.de\/wcms\/wp-json\/wp\/v2\/media?parent=1596"}],"wp:term":[{"taxonomy":"category","embeddable":true,"href":"https:\/\/www.feuerwehr-eddelak.de\/wcms\/wp-json\/wp\/v2\/categories?post=1596"},{"taxonomy":"post_tag","embeddable":true,"href":"https:\/\/www.feuerwehr-eddelak.de\/wcms\/wp-json\/wp\/v2\/tags?post=1596"}],"curies":[{"name":"wp","href":"https:\/\/api.w.org\/{rel}","templated":true}]}}