{"id":229,"date":"2011-03-23T11:20:41","date_gmt":"2011-03-23T11:20:41","guid":{"rendered":"http:\/\/feuerwehr-eddelak.de\/wcms\/?p=229"},"modified":"2011-03-23T11:20:41","modified_gmt":"2011-03-23T11:20:41","slug":"amtswehrubung-136","status":"publish","type":"post","link":"https:\/\/www.feuerwehr-eddelak.de\/wcms\/2011\/amtswehrubung-136\/","title":{"rendered":"Amtswehr\u00fcbung"},"content":{"rendered":"<div class=\"eintrag-box\">\n<div class=\"eintrag-text\">\n<div class=\"datum\"><a name=\"6176\">21. Juni 2006<\/a><\/div>\n<div class=\"eintrag\">\n<p>Wie jedes Jahr einmal haben am letzten Mittwoch alle Wehren einen gemeinsamen \u00dcbungsdienst veranstaltet. Die \u00dcbung fand in Eddelak bei der Schmiede Wrede statt.<\/p>\n<p>Angenommene Lage war ein Hallenbrand im hinteren Teil des Gel\u00e4ndes. Umliegende Hallen und Geb\u00e4ude mussten gesch\u00fctzt werden, au\u00dferdem wurden 5 Personen vermisst.<\/p>\n<p>Die Eddelaker Wehr \u00fcbernahm die Menschenrettung. Averlak und St.Michaelisdonn \u00fcbernahmen dann die weiteren L\u00f6sch und Schutzma\u00dfnahmen sowie die Stellung weiterer Atemschutztrupps. Ein Problem stellte die Wasserversorgung da. Ein naheliegender Hydrant konnte schnell genutzt werden, der n\u00e4chste Lag jedoch einen knappen Kilometer weiter.<\/p>\n<p>In der Abschlussbesprechung hob Amtswehrf\u00fchrer Dieter Kr\u00f6ger, der die \u00dcbung als Zuschauer kritisch verfolgte, die gute Zusammenarbeit der Wehren heraus. <\/p><\/div>\n<\/div>\n<\/div>\n<p><!--more--><\/p>\n","protected":false},"excerpt":{"rendered":"\n\n21. Juni 2006\n\nWie jedes Jahr einmal haben am letzten Mittwoch alle Wehren einen gemeinsamen \u00dcbungsdienst veranstaltet. Die \u00dcbung fand in Eddelak bei der Schmiede Wrede &hellip;","protected":false},"author":1,"featured_media":0,"comment_status":"open","ping_status":"open","sticky":false,"template":"","format":"standard","meta":{"ngg_post_thumbnail":0,"footnotes":""},"categories":[3],"tags":[],"class_list":["post-229","post","type-post","status-publish","format-standard","hentry","category-allgemein"],"_links":{"self":[{"href":"https:\/\/www.feuerwehr-eddelak.de\/wcms\/wp-json\/wp\/v2\/posts\/229","targetHints":{"allow":["GET"]}}],"collection":[{"href":"https:\/\/www.feuerwehr-eddelak.de\/wcms\/wp-json\/wp\/v2\/posts"}],"about":[{"href":"https:\/\/www.feuerwehr-eddelak.de\/wcms\/wp-json\/wp\/v2\/types\/post"}],"author":[{"embeddable":true,"href":"https:\/\/www.feuerwehr-eddelak.de\/wcms\/wp-json\/wp\/v2\/users\/1"}],"replies":[{"embeddable":true,"href":"https:\/\/www.feuerwehr-eddelak.de\/wcms\/wp-json\/wp\/v2\/comments?post=229"}],"version-history":[{"count":0,"href":"https:\/\/www.feuerwehr-eddelak.de\/wcms\/wp-json\/wp\/v2\/posts\/229\/revisions"}],"wp:attachment":[{"href":"https:\/\/www.feuerwehr-eddelak.de\/wcms\/wp-json\/wp\/v2\/media?parent=229"}],"wp:term":[{"taxonomy":"category","embeddable":true,"href":"https:\/\/www.feuerwehr-eddelak.de\/wcms\/wp-json\/wp\/v2\/categories?post=229"},{"taxonomy":"post_tag","embeddable":true,"href":"https:\/\/www.feuerwehr-eddelak.de\/wcms\/wp-json\/wp\/v2\/tags?post=229"}],"curies":[{"name":"wp","href":"https:\/\/api.w.org\/{rel}","templated":true}]}}