{"id":2899,"date":"2014-01-27T15:39:47","date_gmt":"2014-01-27T14:39:47","guid":{"rendered":"http:\/\/www.feuerwehr-eddelak.de\/wcms\/?p=2899"},"modified":"2014-01-27T16:39:49","modified_gmt":"2014-01-27T15:39:49","slug":"anforderung-wbk-3","status":"publish","type":"post","link":"https:\/\/www.feuerwehr-eddelak.de\/wcms\/2014\/anforderung-wbk-3\/","title":{"rendered":"Anforderung WBK"},"content":{"rendered":"<p>Um 11:21 Uhr wurden wir \u00fcber Gruppenalarm 1 zu einem Gro\u00dffeuer &#8211; Anforderung WBK nach Burg alarmiert.<\/p>\n<p>Dort brannte das Erdgeschoss eines Einfamilienhauses in voller Ausdehnung. Unsere W\u00e4rmebildkamera wurde im Einsatzabschnitt der ebenfalls alamierten FF Hochdonn, sowie zur Nachkontrolle im Aussenbereich eingesetzt.<\/p>\n<p>W\u00e4hrend des Einsatzverlaufs machte sich auch unsere zus\u00e4tzliche Schulung im Umgang mit dem Rettungswagen bezahlt: Einer unser Kameraden leistete dem Rettungsdienst Tragehilfe.<\/p>\n<p>Gegen 13 Uhr waren unsere 2 eingesetzen Kr\u00e4fte wieder zur\u00fcck im Ger\u00e4tehaus.<\/p>\n","protected":false},"excerpt":{"rendered":"Um 11:21 Uhr wurden wir \u00fcber Gruppenalarm 1 zu einem Gro\u00dffeuer &#8211; Anforderung WBK nach Burg alarmiert.\nDort brannte das Erdgeschoss eines Einfamilienhauses in voller Ausdehnung. &hellip;","protected":false},"author":10,"featured_media":2039,"comment_status":"closed","ping_status":"open","sticky":false,"template":"","format":"standard","meta":{"ngg_post_thumbnail":0,"footnotes":""},"categories":[5],"tags":[],"class_list":["post-2899","post","type-post","status-publish","format-standard","has-post-thumbnail","hentry","category-einsatz"],"_links":{"self":[{"href":"https:\/\/www.feuerwehr-eddelak.de\/wcms\/wp-json\/wp\/v2\/posts\/2899","targetHints":{"allow":["GET"]}}],"collection":[{"href":"https:\/\/www.feuerwehr-eddelak.de\/wcms\/wp-json\/wp\/v2\/posts"}],"about":[{"href":"https:\/\/www.feuerwehr-eddelak.de\/wcms\/wp-json\/wp\/v2\/types\/post"}],"author":[{"embeddable":true,"href":"https:\/\/www.feuerwehr-eddelak.de\/wcms\/wp-json\/wp\/v2\/users\/10"}],"replies":[{"embeddable":true,"href":"https:\/\/www.feuerwehr-eddelak.de\/wcms\/wp-json\/wp\/v2\/comments?post=2899"}],"version-history":[{"count":6,"href":"https:\/\/www.feuerwehr-eddelak.de\/wcms\/wp-json\/wp\/v2\/posts\/2899\/revisions"}],"predecessor-version":[{"id":2905,"href":"https:\/\/www.feuerwehr-eddelak.de\/wcms\/wp-json\/wp\/v2\/posts\/2899\/revisions\/2905"}],"wp:featuredmedia":[{"embeddable":true,"href":"https:\/\/www.feuerwehr-eddelak.de\/wcms\/wp-json\/wp\/v2\/media\/2039"}],"wp:attachment":[{"href":"https:\/\/www.feuerwehr-eddelak.de\/wcms\/wp-json\/wp\/v2\/media?parent=2899"}],"wp:term":[{"taxonomy":"category","embeddable":true,"href":"https:\/\/www.feuerwehr-eddelak.de\/wcms\/wp-json\/wp\/v2\/categories?post=2899"},{"taxonomy":"post_tag","embeddable":true,"href":"https:\/\/www.feuerwehr-eddelak.de\/wcms\/wp-json\/wp\/v2\/tags?post=2899"}],"curies":[{"name":"wp","href":"https:\/\/api.w.org\/{rel}","templated":true}]}}