{"id":29,"date":"2011-03-23T11:23:11","date_gmt":"2011-03-23T11:23:11","guid":{"rendered":"http:\/\/feuerwehr-eddelak.de\/wcms\/?p=29"},"modified":"2011-03-23T11:23:11","modified_gmt":"2011-03-23T11:23:11","slug":"flachenbrand-286","status":"publish","type":"post","link":"https:\/\/www.feuerwehr-eddelak.de\/wcms\/2011\/flachenbrand-286\/","title":{"rendered":"Fl\u00e4chenbrand"},"content":{"rendered":"<div class=\"eintrag-box\">\n<div class=\"eintrag-image\"><a href=\"https:\/\/www.feuerwehr-eddelak.de\/wcms\/wp-content\/backward-pic\/92322134$1.jpg\" data-rel=\"lightbox-gallery-0\" data-rl_title=\"\" data-rl_caption=\"\" title=\"\"><img decoding=\"async\" src=\"https:\/\/www.feuerwehr-eddelak.de\/wcms\/wp-content\/backward-pic\/k_92322134$1.jpg\" align=\"left\" \/><\/a><\/div>\n<div class=\"eintrag-text\">\n<div class=\"datum\"><a name=\"92322203\">20. August 2009<\/a><\/div>\n<div class=\"eintrag\">Gegen 17 Uhr wurde unsere Wehr in die Behmhusener Stra\u00dfe gerufen. Dort hatte die Besatzung eines vorbeifahrenden RTW einen Fl\u00e4chenbrand auf einem Feld entdecket. Als wir aqm Einsatzort eintrafen hatte bereits Landwirte mit 3 Traktoren uns technischem Ger\u00e4t mit der Eind\u00e4mmung des Feuers begonnen. Wir konzentrierten uns auf die Bek\u00e4mpfung des Feuers, mit Hilfe von Feuerpatschen, in den Gr\u00e4ben. Nach einer knappen Stunde konnte unsere 2 Fahrzeuge mit 18 Kameraden wieder ins Ger\u00e4tehaus einr\u00fccken.<\/div>\n<\/div>\n<\/div>\n<p><!--more--><\/p>\n","protected":false},"excerpt":{"rendered":"\n\n\n20. August 2009\nGegen 17 Uhr wurde unsere Wehr in die Behmhusener Stra\u00dfe gerufen. Dort hatte die Besatzung eines vorbeifahrenden RTW einen Fl\u00e4chenbrand auf einem Feld &hellip;","protected":false},"author":1,"featured_media":0,"comment_status":"open","ping_status":"open","sticky":false,"template":"","format":"standard","meta":{"ngg_post_thumbnail":0,"footnotes":""},"categories":[5],"tags":[],"class_list":["post-29","post","type-post","status-publish","format-standard","hentry","category-einsatz"],"_links":{"self":[{"href":"https:\/\/www.feuerwehr-eddelak.de\/wcms\/wp-json\/wp\/v2\/posts\/29","targetHints":{"allow":["GET"]}}],"collection":[{"href":"https:\/\/www.feuerwehr-eddelak.de\/wcms\/wp-json\/wp\/v2\/posts"}],"about":[{"href":"https:\/\/www.feuerwehr-eddelak.de\/wcms\/wp-json\/wp\/v2\/types\/post"}],"author":[{"embeddable":true,"href":"https:\/\/www.feuerwehr-eddelak.de\/wcms\/wp-json\/wp\/v2\/users\/1"}],"replies":[{"embeddable":true,"href":"https:\/\/www.feuerwehr-eddelak.de\/wcms\/wp-json\/wp\/v2\/comments?post=29"}],"version-history":[{"count":0,"href":"https:\/\/www.feuerwehr-eddelak.de\/wcms\/wp-json\/wp\/v2\/posts\/29\/revisions"}],"wp:attachment":[{"href":"https:\/\/www.feuerwehr-eddelak.de\/wcms\/wp-json\/wp\/v2\/media?parent=29"}],"wp:term":[{"taxonomy":"category","embeddable":true,"href":"https:\/\/www.feuerwehr-eddelak.de\/wcms\/wp-json\/wp\/v2\/categories?post=29"},{"taxonomy":"post_tag","embeddable":true,"href":"https:\/\/www.feuerwehr-eddelak.de\/wcms\/wp-json\/wp\/v2\/tags?post=29"}],"curies":[{"name":"wp","href":"https:\/\/api.w.org\/{rel}","templated":true}]}}