{"id":5899,"date":"2017-06-10T18:43:00","date_gmt":"2017-06-10T16:43:00","guid":{"rendered":"http:\/\/www.feuerwehr-eddelak.de\/wcms\/?p=5899"},"modified":"2017-06-10T18:43:44","modified_gmt":"2017-06-10T16:43:44","slug":"auch-das-pflasterkleben-soll-gelernt-sein","status":"publish","type":"post","link":"https:\/\/www.feuerwehr-eddelak.de\/wcms\/2017\/auch-das-pflasterkleben-soll-gelernt-sein\/","title":{"rendered":"Auch das &#8222;Pflasterkleben&#8220; soll gelernt sein"},"content":{"rendered":"<p>Am Samstag trafen sich insgesamt 14 angehende Ersthelfer im Feuerwehrger\u00e4tehaus, um dort Erstma\u00dfnahmen bei einer verungl\u00fcckten oder verletzten Person zu erlernen bzw. aufzufrischen.\u00a0Der Ausbilder vom DRK-Kreisverband Dithmarschen e.V. fand eine gemischte Gruppe vor. Neben 7 Feuerwehrkameraden zeigten noch 7 weitere Eddelaker B\u00fcrger Interesse am Erste-Hilfe-Kurs. Hoch motiviert und voller Wissensdurst startete die Gruppe in den Tag.<\/p>\n<p>Es wurde erkl\u00e4rt, wie man vorgeht, wenn man eine ohnm\u00e4chtige Person in einem Fahrzeug vorfindet. Durch den ganzen Tag begleitete die Teilnehmer der Slogan: \u201eEigenschutz ist das A und O\u201c \u2013 also wird erst einmal die Unfallstelle abgesichert, denn auch dies geh\u00f6rt zu den Erstma\u00dfnahmen.<\/p>\n<p>Dann wurden Ma\u00dfnahmen wie die stabile Seitenlage, das Anlegen von Druckverb\u00e4nden, das Abnehmen von Motorradhelmen sowie die Herz-Lungen-Wiederbelebung ge\u00fcbt. Bei der Reanimation unterst\u00fctzte die Teilnehmer der Automatische Externe Defibrillator (kurz: AED), der jedem Laien konkret sagt, was zu tun ist. In Eddelak befinden sich drei dieser Ger\u00e4te in \u00f6ffentlichen Geb\u00e4uden: im Feuerwehrger\u00e4tehaus, bei Suhr\u2019s Hotel und in der Grundschule.<\/p>\n<p>Der Trainer wies au\u00dferdem darauf hin, dass Ersthelfer niemals Medikamente verabreichen d\u00fcrfen, sondern lediglich den Patienten unterst\u00fctzen k\u00f6nnen, seine eigenen Medikamente bewusst einzunehmen. Den Teilnehmern wurde noch die eine oder andere Handhabung von besonderen Verb\u00e4nden, Pflastern oder T\u00fcchern genauer gezeigt, damit sie auch diese beherrschen.<\/p>\n<p>Insgesamt ist wichtig, dass die Ersthelfer mit den Patienten, miteinander und mit den alarmierten Rettungskr\u00e4ften ausreichend kommunizieren, denn nur so ist eine m\u00f6glichst schonende Rettung m\u00f6glich.<\/p>\n<p>Der ganze Tag war sehr kurzweilig und hat allen Teilnehmern sowie dem Ausbilder Spa\u00df gemacht. Der Trainer hat durch seine offene und lockere Art die ganze Gruppe begeistert und mitgezogen.<\/p>\n<p>Ein erfolgreicher Tag ging rechtzeitig mit 14 neu ausgebildeten Ersthelfern in Eddelak als Ergebnis zu Ende.<\/p>\n\n\t\t<style type=\"text\/css\">\n\t\t\t#gallery-1 {\n\t\t\t\tmargin: auto;\n\t\t\t}\n\t\t\t#gallery-1 .gallery-item {\n\t\t\t\tfloat: left;\n\t\t\t\tmargin-top: 10px;\n\t\t\t\ttext-align: center;\n\t\t\t\twidth: 25%;\n\t\t\t}\n\t\t\t#gallery-1 img {\n\t\t\t\tborder: 2px solid #cfcfcf;\n\t\t\t}\n\t\t\t#gallery-1 .gallery-caption {\n\t\t\t\tmargin-left: 0;\n\t\t\t}\n\t\t\t\/* see gallery_shortcode() in wp-includes\/media.php *\/\n\t\t<\/style>\n\t\t<div id='gallery-1' class='gallery galleryid-5899 gallery-columns-4 gallery-size-thumbnail'><dl class='gallery-item'>\n\t\t\t<dt class='gallery-icon portrait'>\n\t\t\t\t<a href='https:\/\/www.feuerwehr-eddelak.de\/wcms\/wp-content\/uploads\/2017\/06\/WhatsApp-Image-2017-06-10-at-16.47.26.jpeg' title=\"\" data-rl_title=\"\" class=\"rl-gallery-link\" data-rl_caption=\"\" data-rel=\"lightbox-gallery-1\"><img loading=\"lazy\" decoding=\"async\" width=\"150\" height=\"150\" src=\"https:\/\/www.feuerwehr-eddelak.de\/wcms\/wp-content\/uploads\/2017\/06\/WhatsApp-Image-2017-06-10-at-16.47.26-150x150.jpeg\" class=\"attachment-thumbnail size-thumbnail\" alt=\"\" \/><\/a>\n\t\t\t<\/dt><\/dl><dl class='gallery-item'>\n\t\t\t<dt class='gallery-icon portrait'>\n\t\t\t\t<a href='https:\/\/www.feuerwehr-eddelak.de\/wcms\/wp-content\/uploads\/2017\/06\/WhatsApp-Image-2017-06-10-at-16.47.28.jpeg' title=\"\" data-rl_title=\"\" class=\"rl-gallery-link\" data-rl_caption=\"\" data-rel=\"lightbox-gallery-1\"><img loading=\"lazy\" decoding=\"async\" width=\"150\" height=\"150\" src=\"https:\/\/www.feuerwehr-eddelak.de\/wcms\/wp-content\/uploads\/2017\/06\/WhatsApp-Image-2017-06-10-at-16.47.28-150x150.jpeg\" class=\"attachment-thumbnail size-thumbnail\" alt=\"\" \/><\/a>\n\t\t\t<\/dt><\/dl><dl class='gallery-item'>\n\t\t\t<dt class='gallery-icon portrait'>\n\t\t\t\t<a href='https:\/\/www.feuerwehr-eddelak.de\/wcms\/wp-content\/uploads\/2017\/06\/WhatsApp-Image-2017-06-10-at-16.47.37.jpeg' title=\"\" data-rl_title=\"\" class=\"rl-gallery-link\" data-rl_caption=\"\" data-rel=\"lightbox-gallery-1\"><img loading=\"lazy\" decoding=\"async\" width=\"150\" height=\"150\" src=\"https:\/\/www.feuerwehr-eddelak.de\/wcms\/wp-content\/uploads\/2017\/06\/WhatsApp-Image-2017-06-10-at-16.47.37-150x150.jpeg\" class=\"attachment-thumbnail size-thumbnail\" alt=\"\" \/><\/a>\n\t\t\t<\/dt><\/dl><dl class='gallery-item'>\n\t\t\t<dt class='gallery-icon portrait'>\n\t\t\t\t<a href='https:\/\/www.feuerwehr-eddelak.de\/wcms\/wp-content\/uploads\/2017\/06\/WhatsApp-Image-2017-06-10-at-16.47.39.jpeg' title=\"\" data-rl_title=\"\" class=\"rl-gallery-link\" data-rl_caption=\"\" data-rel=\"lightbox-gallery-1\"><img loading=\"lazy\" decoding=\"async\" width=\"150\" height=\"150\" src=\"https:\/\/www.feuerwehr-eddelak.de\/wcms\/wp-content\/uploads\/2017\/06\/WhatsApp-Image-2017-06-10-at-16.47.39-150x150.jpeg\" class=\"attachment-thumbnail size-thumbnail\" alt=\"\" \/><\/a>\n\t\t\t<\/dt><\/dl><br style=\"clear: both\" \/><dl class='gallery-item'>\n\t\t\t<dt class='gallery-icon portrait'>\n\t\t\t\t<a href='https:\/\/www.feuerwehr-eddelak.de\/wcms\/wp-content\/uploads\/2017\/06\/WhatsApp-Image-2017-06-10-at-16.47.41.jpeg' title=\"\" data-rl_title=\"\" class=\"rl-gallery-link\" data-rl_caption=\"\" data-rel=\"lightbox-gallery-1\"><img loading=\"lazy\" decoding=\"async\" width=\"150\" height=\"150\" src=\"https:\/\/www.feuerwehr-eddelak.de\/wcms\/wp-content\/uploads\/2017\/06\/WhatsApp-Image-2017-06-10-at-16.47.41-150x150.jpeg\" class=\"attachment-thumbnail size-thumbnail\" alt=\"\" \/><\/a>\n\t\t\t<\/dt><\/dl><dl class='gallery-item'>\n\t\t\t<dt class='gallery-icon portrait'>\n\t\t\t\t<a href='https:\/\/www.feuerwehr-eddelak.de\/wcms\/wp-content\/uploads\/2017\/06\/WhatsApp-Image-2017-06-10-at-16.47.43.jpeg' title=\"\" data-rl_title=\"\" class=\"rl-gallery-link\" data-rl_caption=\"\" data-rel=\"lightbox-gallery-1\"><img loading=\"lazy\" decoding=\"async\" width=\"150\" height=\"150\" src=\"https:\/\/www.feuerwehr-eddelak.de\/wcms\/wp-content\/uploads\/2017\/06\/WhatsApp-Image-2017-06-10-at-16.47.43-150x150.jpeg\" class=\"attachment-thumbnail size-thumbnail\" alt=\"\" \/><\/a>\n\t\t\t<\/dt><\/dl><dl class='gallery-item'>\n\t\t\t<dt class='gallery-icon portrait'>\n\t\t\t\t<a href='https:\/\/www.feuerwehr-eddelak.de\/wcms\/wp-content\/uploads\/2017\/06\/WhatsApp-Image-2017-06-10-at-16.47.47.jpeg' title=\"\" data-rl_title=\"\" class=\"rl-gallery-link\" data-rl_caption=\"\" data-rel=\"lightbox-gallery-1\"><img loading=\"lazy\" decoding=\"async\" width=\"150\" height=\"150\" src=\"https:\/\/www.feuerwehr-eddelak.de\/wcms\/wp-content\/uploads\/2017\/06\/WhatsApp-Image-2017-06-10-at-16.47.47-150x150.jpeg\" class=\"attachment-thumbnail size-thumbnail\" alt=\"\" \/><\/a>\n\t\t\t<\/dt><\/dl><dl class='gallery-item'>\n\t\t\t<dt class='gallery-icon portrait'>\n\t\t\t\t<a href='https:\/\/www.feuerwehr-eddelak.de\/wcms\/wp-content\/uploads\/2017\/06\/WhatsApp-Image-2017-06-10-at-16.47.50.jpeg' title=\"\" data-rl_title=\"\" class=\"rl-gallery-link\" data-rl_caption=\"\" data-rel=\"lightbox-gallery-1\"><img loading=\"lazy\" decoding=\"async\" width=\"150\" height=\"150\" src=\"https:\/\/www.feuerwehr-eddelak.de\/wcms\/wp-content\/uploads\/2017\/06\/WhatsApp-Image-2017-06-10-at-16.47.50-150x150.jpeg\" class=\"attachment-thumbnail size-thumbnail\" alt=\"\" \/><\/a>\n\t\t\t<\/dt><\/dl><br style=\"clear: both\" \/><dl class='gallery-item'>\n\t\t\t<dt class='gallery-icon portrait'>\n\t\t\t\t<a href='https:\/\/www.feuerwehr-eddelak.de\/wcms\/wp-content\/uploads\/2017\/06\/WhatsApp-Image-2017-06-10-at-16.47.53.jpeg' title=\"\" data-rl_title=\"\" class=\"rl-gallery-link\" data-rl_caption=\"\" data-rel=\"lightbox-gallery-1\"><img loading=\"lazy\" decoding=\"async\" width=\"150\" height=\"150\" src=\"https:\/\/www.feuerwehr-eddelak.de\/wcms\/wp-content\/uploads\/2017\/06\/WhatsApp-Image-2017-06-10-at-16.47.53-150x150.jpeg\" class=\"attachment-thumbnail size-thumbnail\" alt=\"\" \/><\/a>\n\t\t\t<\/dt><\/dl><dl class='gallery-item'>\n\t\t\t<dt class='gallery-icon portrait'>\n\t\t\t\t<a href='https:\/\/www.feuerwehr-eddelak.de\/wcms\/wp-content\/uploads\/2017\/06\/WhatsApp-Image-2017-06-10-at-16.47.56.jpeg' title=\"\" data-rl_title=\"\" class=\"rl-gallery-link\" data-rl_caption=\"\" data-rel=\"lightbox-gallery-1\"><img loading=\"lazy\" decoding=\"async\" width=\"150\" height=\"150\" src=\"https:\/\/www.feuerwehr-eddelak.de\/wcms\/wp-content\/uploads\/2017\/06\/WhatsApp-Image-2017-06-10-at-16.47.56-150x150.jpeg\" class=\"attachment-thumbnail size-thumbnail\" alt=\"\" \/><\/a>\n\t\t\t<\/dt><\/dl><dl class='gallery-item'>\n\t\t\t<dt class='gallery-icon portrait'>\n\t\t\t\t<a href='https:\/\/www.feuerwehr-eddelak.de\/wcms\/wp-content\/uploads\/2017\/06\/WhatsApp-Image-2017-06-10-at-16.47.58.jpeg' title=\"\" data-rl_title=\"\" class=\"rl-gallery-link\" data-rl_caption=\"\" data-rel=\"lightbox-gallery-1\"><img loading=\"lazy\" decoding=\"async\" width=\"150\" height=\"150\" src=\"https:\/\/www.feuerwehr-eddelak.de\/wcms\/wp-content\/uploads\/2017\/06\/WhatsApp-Image-2017-06-10-at-16.47.58-150x150.jpeg\" class=\"attachment-thumbnail size-thumbnail\" alt=\"\" \/><\/a>\n\t\t\t<\/dt><\/dl><dl class='gallery-item'>\n\t\t\t<dt class='gallery-icon portrait'>\n\t\t\t\t<a href='https:\/\/www.feuerwehr-eddelak.de\/wcms\/wp-content\/uploads\/2017\/06\/WhatsApp-Image-2017-06-10-at-16.48.00.jpeg' title=\"\" data-rl_title=\"\" class=\"rl-gallery-link\" data-rl_caption=\"\" data-rel=\"lightbox-gallery-1\"><img loading=\"lazy\" decoding=\"async\" width=\"150\" height=\"150\" src=\"https:\/\/www.feuerwehr-eddelak.de\/wcms\/wp-content\/uploads\/2017\/06\/WhatsApp-Image-2017-06-10-at-16.48.00-150x150.jpeg\" class=\"attachment-thumbnail size-thumbnail\" alt=\"\" \/><\/a>\n\t\t\t<\/dt><\/dl><br style=\"clear: both\" \/>\n\t\t<\/div>\n\n<p>&nbsp;<\/p>\n","protected":false},"excerpt":{"rendered":"Am Samstag trafen sich insgesamt 14 angehende Ersthelfer im Feuerwehrger\u00e4tehaus, um dort Erstma\u00dfnahmen bei einer verungl\u00fcckten oder verletzten Person zu erlernen bzw. aufzufrischen.\u00a0Der Ausbilder vom &hellip;","protected":false},"author":10,"featured_media":5903,"comment_status":"closed","ping_status":"open","sticky":false,"template":"","format":"standard","meta":{"ngg_post_thumbnail":0,"footnotes":""},"categories":[3],"tags":[],"class_list":["post-5899","post","type-post","status-publish","format-standard","has-post-thumbnail","hentry","category-allgemein"],"_links":{"self":[{"href":"https:\/\/www.feuerwehr-eddelak.de\/wcms\/wp-json\/wp\/v2\/posts\/5899","targetHints":{"allow":["GET"]}}],"collection":[{"href":"https:\/\/www.feuerwehr-eddelak.de\/wcms\/wp-json\/wp\/v2\/posts"}],"about":[{"href":"https:\/\/www.feuerwehr-eddelak.de\/wcms\/wp-json\/wp\/v2\/types\/post"}],"author":[{"embeddable":true,"href":"https:\/\/www.feuerwehr-eddelak.de\/wcms\/wp-json\/wp\/v2\/users\/10"}],"replies":[{"embeddable":true,"href":"https:\/\/www.feuerwehr-eddelak.de\/wcms\/wp-json\/wp\/v2\/comments?post=5899"}],"version-history":[{"count":5,"href":"https:\/\/www.feuerwehr-eddelak.de\/wcms\/wp-json\/wp\/v2\/posts\/5899\/revisions"}],"predecessor-version":[{"id":5919,"href":"https:\/\/www.feuerwehr-eddelak.de\/wcms\/wp-json\/wp\/v2\/posts\/5899\/revisions\/5919"}],"wp:featuredmedia":[{"embeddable":true,"href":"https:\/\/www.feuerwehr-eddelak.de\/wcms\/wp-json\/wp\/v2\/media\/5903"}],"wp:attachment":[{"href":"https:\/\/www.feuerwehr-eddelak.de\/wcms\/wp-json\/wp\/v2\/media?parent=5899"}],"wp:term":[{"taxonomy":"category","embeddable":true,"href":"https:\/\/www.feuerwehr-eddelak.de\/wcms\/wp-json\/wp\/v2\/categories?post=5899"},{"taxonomy":"post_tag","embeddable":true,"href":"https:\/\/www.feuerwehr-eddelak.de\/wcms\/wp-json\/wp\/v2\/tags?post=5899"}],"curies":[{"name":"wp","href":"https:\/\/api.w.org\/{rel}","templated":true}]}}