{"id":599,"date":"1993-03-16T00:00:00","date_gmt":"1993-03-16T00:00:00","guid":{"rendered":"http:\/\/feuerwehr-eddelak.de\/wcms\/?p=599"},"modified":"1993-03-16T00:00:00","modified_gmt":"1993-03-16T00:00:00","slug":"was-wird-aus-den-pappeln-zwischen-eddelak-und-kuden-strassenbauamt-13","status":"publish","type":"post","link":"https:\/\/www.feuerwehr-eddelak.de\/wcms\/1993\/was-wird-aus-den-pappeln-zwischen-eddelak-und-kuden-strassenbauamt-13\/","title":{"rendered":"Was wird aus den Pappeln zwischen Eddelak und Kuden? &#8211; Stra\u00dfenbauamt"},"content":{"rendered":"<h2>Seit gestern Einschlagstop<\/h2>\n<p>EDDELAK. Der erste Freitag im Juli 1980 war zugleich ein schwarzer Freitag f\u00fcr den Stra\u00dfenverkehr in Dithmarschen. Waren doch drei junge Menschen im Alter von 15 bis 18 Jahren bei einem Verkehrsunfall auf der Landesstra\u00dfe zwischen Eddelak und Kuden in einem Autowrack verbrannt. Sp\u00e4testens seit damals steht die Pappelallee unmittelbar an der Fahrbahn in der Dis<br \/>kussion. Amtsleiter Klaus Me\u00df vom Heider Stra\u00dfenbauamt: \u201eBaumf\u00e4llaktionen sind nicht in der Planung. Es werden nur kranke und unfalltr\u00e4chtige B\u00e4ume weggenommen&#8220;.<br \/>In einer Linkskurve war vor knapp 13 Jahren der damals 18 Jahre alte Lehrling Dirk D. aus Brunsb\u00fcttel in&#8217;s Schleudern geraten und gegen eine der sch\u00e4tzungsweise 20 Meter hohen Pappeln<br \/>geprallt. Der Pkw -in dem au\u00dferdem der 17 Jahre alte Michael B. und der 15 Jahre alte Tjark I. sa\u00dfen- fing Feuer und brannte v\u00f6llig aus. Nach Angaben der Polizei waren die drei eingeklemmten Insassen sofort tot.<br \/>Erst vor wenigen Tagen ist erneut ein junger Mann aus Brunsb\u00fcttel auf dieser Stra\u00dfe gegen einen der noch stehenden Stra\u00dfenb\u00e4ume geprallt und hatte lebensge<br \/>f\u00e4hrliche Verletzungen erlitten. Auf dieser schmalen Fahrbahn mu\u00df die Geschwindigkeit schon den Stra\u00dfenverh\u00e4ltnissen angepa\u00dft werden, um nicht ernsthaft in Schwierigkeiten zu geraten. Besonders im Begegnungsverkehr ist Vorsicht geboten. Und ohne Radweg ist dieser Abschnitt auch besonders gef\u00e4hrlich f\u00fcr Radfahrer,<br \/>Trotzdem sieht das Stra\u00dfenbauamt keinen Handlungsbedarf. Wie Klaus Me\u00df auf Anfrage weiter mitteilt, werde es keine Kahlschl\u00e4ge durch Stra\u00dfenbauer geben, zumal es zur Zeit Schwierigkeiten f\u00fcr Nachpflanzungen g\u00e4be. \u201eEs stehen keine Ausgleichsfl\u00e4chen zur Verf\u00fcgung&#8220;, lautet die Begr\u00fcndung.<br \/>F\u00fcr dieses Fr\u00fchjahr ist das Abnehmen von Stra\u00dfenb\u00e4umen ohnehin beendet, denn mit dem gestrigen 15. M\u00e4rz gibt es nach den Naturschutzgesetzen der Umweltbeh\u00f6rde ein Einschlagstop. \u201eWegen der Vogelbrut&#8220;, betont Klaus Me\u00df.<br \/>Doch dazu liegt unserer Zeitung auch eine andere Stellungnahme vor, denn dieses Datum 15. M\u00e4rz soll nur f\u00fcr B\u00e4ume und Str\u00e4ucher (Knicks) au\u00dferhalb geschlossener Ortschaften gelten.<\/p>\n","protected":false},"excerpt":{"rendered":"Seit gestern Einschlagstop\nEDDELAK. Der erste Freitag im Juli 1980 war zugleich ein schwarzer Freitag f\u00fcr den Stra\u00dfenverkehr in Dithmarschen. Waren doch drei junge Menschen im &hellip;","protected":false},"author":1,"featured_media":0,"comment_status":"open","ping_status":"open","sticky":false,"template":"","format":"standard","meta":{"ngg_post_thumbnail":0,"footnotes":""},"categories":[4],"tags":[],"class_list":["post-599","post","type-post","status-publish","format-standard","hentry","category-archiv"],"_links":{"self":[{"href":"https:\/\/www.feuerwehr-eddelak.de\/wcms\/wp-json\/wp\/v2\/posts\/599","targetHints":{"allow":["GET"]}}],"collection":[{"href":"https:\/\/www.feuerwehr-eddelak.de\/wcms\/wp-json\/wp\/v2\/posts"}],"about":[{"href":"https:\/\/www.feuerwehr-eddelak.de\/wcms\/wp-json\/wp\/v2\/types\/post"}],"author":[{"embeddable":true,"href":"https:\/\/www.feuerwehr-eddelak.de\/wcms\/wp-json\/wp\/v2\/users\/1"}],"replies":[{"embeddable":true,"href":"https:\/\/www.feuerwehr-eddelak.de\/wcms\/wp-json\/wp\/v2\/comments?post=599"}],"version-history":[{"count":0,"href":"https:\/\/www.feuerwehr-eddelak.de\/wcms\/wp-json\/wp\/v2\/posts\/599\/revisions"}],"wp:attachment":[{"href":"https:\/\/www.feuerwehr-eddelak.de\/wcms\/wp-json\/wp\/v2\/media?parent=599"}],"wp:term":[{"taxonomy":"category","embeddable":true,"href":"https:\/\/www.feuerwehr-eddelak.de\/wcms\/wp-json\/wp\/v2\/categories?post=599"},{"taxonomy":"post_tag","embeddable":true,"href":"https:\/\/www.feuerwehr-eddelak.de\/wcms\/wp-json\/wp\/v2\/tags?post=599"}],"curies":[{"name":"wp","href":"https:\/\/api.w.org\/{rel}","templated":true}]}}