{"id":605,"date":"1981-05-23T00:00:00","date_gmt":"1981-05-23T00:00:00","guid":{"rendered":"http:\/\/feuerwehr-eddelak.de\/wcms\/?p=605"},"modified":"1981-05-23T00:00:00","modified_gmt":"1981-05-23T00:00:00","slug":"delegiertentagung-des-kreisfeuerwehrverbandes-23","status":"publish","type":"post","link":"https:\/\/www.feuerwehr-eddelak.de\/wcms\/1981\/delegiertentagung-des-kreisfeuerwehrverbandes-23\/","title":{"rendered":"Delegiertentagung des Kreisfeuerwehrverbandes"},"content":{"rendered":"<h2>Anla\u00df: 100 Jahre Feuerwehr Eddelak<\/h2>\n<p>Eddelak (WS) Aus Anla\u00df des 100j\u00e4hrigen Bestehens der Freiwilligen Feuerwehr Eddelak wird eine Festwoche in der Zeit vom 27. bis zum 31. Mai durchgef\u00fchrt. Im Rahmen dieset Festwoche hat der Kreisfeuerwehrverband zusammen mit der Jubil\u00e4umswehr Eddelak alle Wehren des Kreises Dithmarschen zu einer Delegiertenkonferenz am Mittwoch, 27. Mai, um 20 Uhr in das Festzelt auf dem alten Sportplatz an der Wilhelm-JohnsenStra\u00dfe eingeladen. Die Einladung gilt nicht nur f\u00fcr die Wehrvorst\u00e4nde, sondern richtet sich wegen des festlichen Aktes an alle Mitglieder der Wehren.<br \/>Die Tagesordnung sieht unter anderem vor: Musikst\u00fcck, Er\u00f6ffnung und Begr\u00fc\u00dfung der Delegiertenkonferenz, 100 Jahre Freiwillige Feuerwehr Eddelak; Festvortrag des Wehrf\u00fc&#8220;hrers Boye B\u00e4thke. Desweitere,n eine Ehrung der verstorbenen Feuerwehrm\u00e4nner aus Eddelak. Anschlie\u00dfend haben die G\u00e4ste das Wort. Es folgen ein Situationsbericht des Kreiswehrf\u00fchrers \u00fcber das Thema: \u201eWandlung des Feuerwehrwesens in den letzten 100 Jahren&#8220;, Ehrungen und Bef\u00f6rderungen sowie das Schlu\u00dfwort. Zum Abschlu\u00df der Veranstaltung soll das Schleswig-Holstein-Lied erklingen.<\/p>\n","protected":false},"excerpt":{"rendered":"Anla\u00df: 100 Jahre Feuerwehr Eddelak\nEddelak (WS) Aus Anla\u00df des 100j\u00e4hrigen Bestehens der Freiwilligen Feuerwehr Eddelak wird eine Festwoche in der Zeit vom 27. bis zum &hellip;","protected":false},"author":1,"featured_media":0,"comment_status":"open","ping_status":"open","sticky":false,"template":"","format":"standard","meta":{"ngg_post_thumbnail":0,"footnotes":""},"categories":[4],"tags":[],"class_list":["post-605","post","type-post","status-publish","format-standard","hentry","category-archiv"],"_links":{"self":[{"href":"https:\/\/www.feuerwehr-eddelak.de\/wcms\/wp-json\/wp\/v2\/posts\/605","targetHints":{"allow":["GET"]}}],"collection":[{"href":"https:\/\/www.feuerwehr-eddelak.de\/wcms\/wp-json\/wp\/v2\/posts"}],"about":[{"href":"https:\/\/www.feuerwehr-eddelak.de\/wcms\/wp-json\/wp\/v2\/types\/post"}],"author":[{"embeddable":true,"href":"https:\/\/www.feuerwehr-eddelak.de\/wcms\/wp-json\/wp\/v2\/users\/1"}],"replies":[{"embeddable":true,"href":"https:\/\/www.feuerwehr-eddelak.de\/wcms\/wp-json\/wp\/v2\/comments?post=605"}],"version-history":[{"count":0,"href":"https:\/\/www.feuerwehr-eddelak.de\/wcms\/wp-json\/wp\/v2\/posts\/605\/revisions"}],"wp:attachment":[{"href":"https:\/\/www.feuerwehr-eddelak.de\/wcms\/wp-json\/wp\/v2\/media?parent=605"}],"wp:term":[{"taxonomy":"category","embeddable":true,"href":"https:\/\/www.feuerwehr-eddelak.de\/wcms\/wp-json\/wp\/v2\/categories?post=605"},{"taxonomy":"post_tag","embeddable":true,"href":"https:\/\/www.feuerwehr-eddelak.de\/wcms\/wp-json\/wp\/v2\/tags?post=605"}],"curies":[{"name":"wp","href":"https:\/\/api.w.org\/{rel}","templated":true}]}}