{"id":612,"date":"1981-05-30T00:00:00","date_gmt":"1981-05-30T00:00:00","guid":{"rendered":"http:\/\/feuerwehr-eddelak.de\/wcms\/?p=612"},"modified":"1981-05-30T00:00:00","modified_gmt":"1981-05-30T00:00:00","slug":"amt-eddelak-st-michaelisdonn-33","status":"publish","type":"post","link":"https:\/\/www.feuerwehr-eddelak.de\/wcms\/1981\/amt-eddelak-st-michaelisdonn-33\/","title":{"rendered":"Amt Eddelak\/St Michaelisdonn"},"content":{"rendered":"<h2>Empfang zum Jubil\u00e4um der Feuerwehr<\/h2>\n<p>St. Michaelisdonn (WS) 100 Jahre Feuerwehr Eddelak: Zu diesem seltenen Jubil\u00e4um hatte das Amt Eddelak &#8211; St. Michaelisdonn zu einem Empfang in das Geb\u00e4ude der Amtsverwaltung in St. Michel eingeladen. Die Vertreter der Amtswehren, die B\u00fcrgermeister der Gemeinderi\u2022Averlak, Dingen, St. Michaelisdonn, die Mitglieder des Amtsausschusses sowie als Repr\u00e4sentant des Kreises -Dithmarschen, Kreispr\u00e4sident Gl\u00fcsing, und der stellvertretende Kreisbrandmeister Herbert Diercks waren zu diesem Empf;ang erschienen.<br \/>Kreispr\u00e4sident Hermann Gl\u00fcsing \u00fcberbrachte die Gru\u00dfworte des Kreises und hob in seiner Ansprache die Verbundenheit Dithmarschens mit allen Freiwilligen Feuerwehren des Kreises hervor. Der hohe Stellenwert der Wehren sei daf\u00fcr ein bestimmender Faktor, meinte der Kreispr\u00e4sident. Er f\u00fchrte weiter an, da\u00df alle Beschl\u00fcsse in Sachen Feuerwehrantr\u00e4ge durch den Kreisausschu\u00df Dithmarschen bisher einstimmig &#8211; ohne andere Vereine<br \/>und Verb\u00e4nde zur\u00fcckzustellen, gefa\u00dft worden seien. Hermann Gl\u00fcsing \u00fcberbrachte auch stellvertretend die Gru\u00dfworte von Landrat Buhse, der leider verhindert war.<br \/>Herbert Diercks stellte als Vertreter des Kreisbrandmeisters Br\u00fche fest, da\u00df im Bereich des Amts Eddelak- St. Michaelisdonn hervorragende Voraussetzungen f\u00fcr die Wehren geschaffen worden seien. Trotzdem galt nach den Gl\u00fcckw\u00fcnschen an die Jubil\u00e4umswehr sein Ruf an die Jugend, sich auch heute noch, wie vor 100 Jahren der Wehr zur Verf\u00fcgung zu stellen.<br \/>Amtsvorsteher Martens hatte als Gastgeber mit Gru\u00dfworten an die G\u00e4ste, wobei er sich besonders an die Ehrenvorsitzenden Werner Johannsen und Karl Oeser wandte, die Feierstunde er\u00f6ffnet und im Namen des Amtes und der Gemeinde je eine Geldspende an Wehrf\u00fchrer B\u00e4thke \u00fcbergeben.<br \/>Wehrf\u00fchrer B\u00e4thke dankte abschlie\u00dfend f\u00fcr alle Gr\u00fc\u00dfe und W\u00fcnsche zum Jubil\u00e4um der Wehr Eddelak.<\/p>\n","protected":false},"excerpt":{"rendered":"Empfang zum Jubil\u00e4um der Feuerwehr\nSt. Michaelisdonn (WS) 100 Jahre Feuerwehr Eddelak: Zu diesem seltenen Jubil\u00e4um hatte das Amt Eddelak &#8211; St. Michaelisdonn zu einem Empfang &hellip;","protected":false},"author":1,"featured_media":0,"comment_status":"open","ping_status":"open","sticky":false,"template":"","format":"standard","meta":{"ngg_post_thumbnail":0,"footnotes":""},"categories":[4],"tags":[],"class_list":["post-612","post","type-post","status-publish","format-standard","hentry","category-archiv"],"_links":{"self":[{"href":"https:\/\/www.feuerwehr-eddelak.de\/wcms\/wp-json\/wp\/v2\/posts\/612","targetHints":{"allow":["GET"]}}],"collection":[{"href":"https:\/\/www.feuerwehr-eddelak.de\/wcms\/wp-json\/wp\/v2\/posts"}],"about":[{"href":"https:\/\/www.feuerwehr-eddelak.de\/wcms\/wp-json\/wp\/v2\/types\/post"}],"author":[{"embeddable":true,"href":"https:\/\/www.feuerwehr-eddelak.de\/wcms\/wp-json\/wp\/v2\/users\/1"}],"replies":[{"embeddable":true,"href":"https:\/\/www.feuerwehr-eddelak.de\/wcms\/wp-json\/wp\/v2\/comments?post=612"}],"version-history":[{"count":0,"href":"https:\/\/www.feuerwehr-eddelak.de\/wcms\/wp-json\/wp\/v2\/posts\/612\/revisions"}],"wp:attachment":[{"href":"https:\/\/www.feuerwehr-eddelak.de\/wcms\/wp-json\/wp\/v2\/media?parent=612"}],"wp:term":[{"taxonomy":"category","embeddable":true,"href":"https:\/\/www.feuerwehr-eddelak.de\/wcms\/wp-json\/wp\/v2\/categories?post=612"},{"taxonomy":"post_tag","embeddable":true,"href":"https:\/\/www.feuerwehr-eddelak.de\/wcms\/wp-json\/wp\/v2\/tags?post=612"}],"curies":[{"name":"wp","href":"https:\/\/api.w.org\/{rel}","templated":true}]}}