{"id":632,"date":"1984-02-21T00:00:00","date_gmt":"1984-02-21T00:00:00","guid":{"rendered":"http:\/\/feuerwehr-eddelak.de\/wcms\/?p=632"},"modified":"1984-02-21T00:00:00","modified_gmt":"1984-02-21T00:00:00","slug":"jahreshauptversammlung-der-freiwilligen-feuerwehr-eddelak-64","status":"publish","type":"post","link":"https:\/\/www.feuerwehr-eddelak.de\/wcms\/1984\/jahreshauptversammlung-der-freiwilligen-feuerwehr-eddelak-64\/","title":{"rendered":"Jahreshauptversammlung der Freiwilligen Feuerwehr Eddelak"},"content":{"rendered":"<h2>Rechtzeitig die Ausr\u00fcstung der Wehr modernisiert<\/h2>\n<p>Eddelak (di) Die Freiwillige Feuerwehr Eddelak war 1983 bei einem Gro\u00dffeuer, zwei Autobr\u00e4nden und mehreren Verkehrsunf\u00e4llen im Einsatz. Hiervon berichtete Wehrf\u00fchrer Boy B\u00e4thke auf der Jahreshauptversammlung. Mit einem L\u00f6schfahrzeug des Typs LF 8 konnte die Ausr\u00fcstung komplettiert werden. Weitere gr\u00f6\u00dfere Anschaffungen sind nicht in Sicht. Amtsvorsteher Martens, B\u00fcrgermeister von Eddelak, hierzu: \u201eSoweit ich das heute \u00fcbersehen kann, wird die Finanzierung solcher Aufgaben k\u00fcnftig wesentlich schwieriger. Der Spielraum f\u00fcr derartige Anschaffungen ist geringer geworden.&#8220; Martens verwies auf die bisher get\u00e4tigten Aufwendungen und sprach von einem guten Ausr\u00fcstungsstand der Eddelaker Wehr. Dem schlo\u00df sich auch Dingens B\u00fcrgermeister Baaske an: \u201eR\u00fcckblickend k\u00f6nnen wir uns freuen, die Zeiten genutzt zu haben, als die Gelder noch leichter flossen.&#8220; Beide B\u00fcrgermeister dankten \u201eihrer&#8220; Wehr f\u00fcr die geleistete Arbeit und das gute Einvernehmen.<br \/>Die anstehenden Wahlen hakten die Feuerwehrm\u00e4nner z\u00fcgig ab. Neuer stellvertretender Wehrf\u00fchrer wurde Horst Ladwig. Schriftf\u00fchrer Paul Riese,.KassenwarL Theo Rave und der Ger\u00e4tewart f\u00fcr das L\u00f6schfahrzeug LF 16, Walter Gehrts, wurden in ihren \u00c4mtern best\u00e4tigt. Die Kassenpr\u00fcfung obliegt k\u00fcnftig Uwe Finnern und Horst Siebert. En bloc wiedergew\u00e4hlt wurde der Festausschu\u00df. Klaus Robert<br \/>Flindt hat die Organisationsleitung \u00fcbernommen.<br \/>Die n\u00e4chste gesellige Veranstaltung wird der Kameradschaftsabend am 31. M\u00e4rz sein, und f\u00fcr den 25. August ist ein Grillabend geplant. Beim Landesfeuerwehrtag in Marne werden die Eddelaker tatkr\u00e4ftig mitmischen. Wie Hauptbrandmeister Gerd Arens, der in Vertretung des Kreiswehrf\u00fchrers zu der Versammlung gekommen war, mitteilte, sind sie als Verkehrslenker f\u00fcr die Gro\u00dfveranstaltung \u201eeingeplant&#8220;.<br \/>Vor vielen Ehrenmitgliedern, G\u00e4sten und den Aktiven der Wehr konnte Boy B\u00e4thke den \u201eNachwuchs&#8220; verpflichten: Ralf Schweitzer, Hartmut Paulsen und Michael Berger. Zu Hauptfeuerwehrm\u00e4nnern bef\u00f6rdert wurden Hans Walter Schoof, Waldemar Pohanke, \u201eCharly&#8220; Hofer, Gerd Harders und Olaf Drevsen. Hauptl\u00f6schmeister wurde Theo Rave.<br \/>F\u00fcr den verhinderten Leiter des ABC-Zuges, Jochen Rohde, \u00fcberbrachte Hans L\u00fcthje aus St. Michaelisdonn nicht nur Gru\u00dfworte, sondern auch ein Geschenk: 2. Funkger\u00e4te als zus\u00e4tzliche Ausstattung f\u00fcr den ABCBus der Eddelaker Wehr.<br \/>14 Tagesordnungspunkte waren in einer Stunde \u201egeschafft&#8220;. Mit der Festlegung der Dienstabende endete der offizielle Teil der Versammlung. Sie werden, dem Vorschlag von Boy B\u00e4th\u2022 ke entsprechend, zwischen M\u00e4rz und November jeweils am Mittwoch statt<br \/>finden. \u201eAllen gerecht werden kann man sowieso nicht&#8220;, befand der Wehrf\u00fchrer und erreichte mit Witz und \u00dcberredungskunst, da\u00df dieser Vorschlag allgemein akzeptiert wurde.<\/p>\n","protected":false},"excerpt":{"rendered":"Rechtzeitig die Ausr\u00fcstung der Wehr modernisiert\nEddelak (di) Die Freiwillige Feuerwehr Eddelak war 1983 bei einem Gro\u00dffeuer, zwei Autobr\u00e4nden und mehreren Verkehrsunf\u00e4llen im Einsatz. Hiervon berichtete &hellip;","protected":false},"author":1,"featured_media":0,"comment_status":"open","ping_status":"open","sticky":false,"template":"","format":"standard","meta":{"ngg_post_thumbnail":0,"footnotes":""},"categories":[4],"tags":[],"class_list":["post-632","post","type-post","status-publish","format-standard","hentry","category-archiv"],"_links":{"self":[{"href":"https:\/\/www.feuerwehr-eddelak.de\/wcms\/wp-json\/wp\/v2\/posts\/632","targetHints":{"allow":["GET"]}}],"collection":[{"href":"https:\/\/www.feuerwehr-eddelak.de\/wcms\/wp-json\/wp\/v2\/posts"}],"about":[{"href":"https:\/\/www.feuerwehr-eddelak.de\/wcms\/wp-json\/wp\/v2\/types\/post"}],"author":[{"embeddable":true,"href":"https:\/\/www.feuerwehr-eddelak.de\/wcms\/wp-json\/wp\/v2\/users\/1"}],"replies":[{"embeddable":true,"href":"https:\/\/www.feuerwehr-eddelak.de\/wcms\/wp-json\/wp\/v2\/comments?post=632"}],"version-history":[{"count":0,"href":"https:\/\/www.feuerwehr-eddelak.de\/wcms\/wp-json\/wp\/v2\/posts\/632\/revisions"}],"wp:attachment":[{"href":"https:\/\/www.feuerwehr-eddelak.de\/wcms\/wp-json\/wp\/v2\/media?parent=632"}],"wp:term":[{"taxonomy":"category","embeddable":true,"href":"https:\/\/www.feuerwehr-eddelak.de\/wcms\/wp-json\/wp\/v2\/categories?post=632"},{"taxonomy":"post_tag","embeddable":true,"href":"https:\/\/www.feuerwehr-eddelak.de\/wcms\/wp-json\/wp\/v2\/tags?post=632"}],"curies":[{"name":"wp","href":"https:\/\/api.w.org\/{rel}","templated":true}]}}