{"id":636,"date":"1985-12-07T00:00:00","date_gmt":"1985-12-07T00:00:00","guid":{"rendered":"http:\/\/feuerwehr-eddelak.de\/wcms\/?p=636"},"modified":"1985-12-07T00:00:00","modified_gmt":"1985-12-07T00:00:00","slug":"landrat-buhse-vor-dem-kreisfeuerwehrverband-dithmarschen-70","status":"publish","type":"post","link":"https:\/\/www.feuerwehr-eddelak.de\/wcms\/1985\/landrat-buhse-vor-dem-kreisfeuerwehrverband-dithmarschen-70\/","title":{"rendered":"Landrat Buhse vor dem Kreisfeuerwehrverband Dithmarschen"},"content":{"rendered":"<h2>Freiwillig \u00fcbernommene Pflichten wurden mit gro\u00dfer Sachkunde erf\u00fcllt. <\/h2>\n<p>Meldorf (jan) Die Wahl von Beisitzern in den Vorstand sowie eine kurze Jahresbilanz standen neben Ehrunaen und ef\u00f6rderungen im Mittelpunkt der Mitgliederversammlung des Kreisfeuerwehrverbandes Dithmarschen, zu der am Donnerstag in die Dithmarschenhalle in Meldorf einberufen worden war. F\u00fcr den als Beisitzer ausscheidenden Oberbrandmeister Hans-J\u00fcrgen&#8216; Dohrn (Sch\u00fclp) wurde Brandmeister Herbert Schm\u00fcck (Hemme) in den Kreisvorstand berufen. In ihren \u00c4mtern als Beisitzer best\u00e4tigt wurden Hauptbrandmeister Gerd Ahrens (Brunsb\u00fcttel) und Hauptbrandmeister Heinrich Siem (Texaco-Werkfeuerwehr).<\/p>\n","protected":false},"excerpt":{"rendered":"Freiwillig \u00fcbernommene Pflichten wurden mit gro\u00dfer Sachkunde erf\u00fcllt. \nMeldorf (jan) Die Wahl von Beisitzern in den Vorstand sowie eine kurze Jahresbilanz standen neben Ehrunaen und &hellip;","protected":false},"author":1,"featured_media":0,"comment_status":"open","ping_status":"open","sticky":false,"template":"","format":"standard","meta":{"ngg_post_thumbnail":0,"footnotes":""},"categories":[4],"tags":[],"class_list":["post-636","post","type-post","status-publish","format-standard","hentry","category-archiv"],"_links":{"self":[{"href":"https:\/\/www.feuerwehr-eddelak.de\/wcms\/wp-json\/wp\/v2\/posts\/636","targetHints":{"allow":["GET"]}}],"collection":[{"href":"https:\/\/www.feuerwehr-eddelak.de\/wcms\/wp-json\/wp\/v2\/posts"}],"about":[{"href":"https:\/\/www.feuerwehr-eddelak.de\/wcms\/wp-json\/wp\/v2\/types\/post"}],"author":[{"embeddable":true,"href":"https:\/\/www.feuerwehr-eddelak.de\/wcms\/wp-json\/wp\/v2\/users\/1"}],"replies":[{"embeddable":true,"href":"https:\/\/www.feuerwehr-eddelak.de\/wcms\/wp-json\/wp\/v2\/comments?post=636"}],"version-history":[{"count":0,"href":"https:\/\/www.feuerwehr-eddelak.de\/wcms\/wp-json\/wp\/v2\/posts\/636\/revisions"}],"wp:attachment":[{"href":"https:\/\/www.feuerwehr-eddelak.de\/wcms\/wp-json\/wp\/v2\/media?parent=636"}],"wp:term":[{"taxonomy":"category","embeddable":true,"href":"https:\/\/www.feuerwehr-eddelak.de\/wcms\/wp-json\/wp\/v2\/categories?post=636"},{"taxonomy":"post_tag","embeddable":true,"href":"https:\/\/www.feuerwehr-eddelak.de\/wcms\/wp-json\/wp\/v2\/tags?post=636"}],"curies":[{"name":"wp","href":"https:\/\/api.w.org\/{rel}","templated":true}]}}