{"id":639,"date":"1986-03-12T00:00:00","date_gmt":"1986-03-12T00:00:00","guid":{"rendered":"http:\/\/feuerwehr-eddelak.de\/wcms\/?p=639"},"modified":"1986-03-12T00:00:00","modified_gmt":"1986-03-12T00:00:00","slug":"leserecho-73","status":"publish","type":"post","link":"https:\/\/www.feuerwehr-eddelak.de\/wcms\/1986\/leserecho-73\/","title":{"rendered":"Leserecho"},"content":{"rendered":"<h2>TS 8 ist betriebsbereit<\/h2>\n<p>Auf der Hauptversammlung der Feuerwehr Eddelak am 7. M\u00e4rz wurde vom Sicherheitsbeauftragten bem\u00e4ngelt, da\u00df die TS 8 nicht betriebsbereit ist, obwohl eine gr\u00f6\u00dfere Reparatur (Kosten: 4000 Mark) durchgef\u00fchrt wurde (siehe Bericht in der \u201eDithmarscher Rundschau&#8220; vom 10. M\u00e4rz).<br \/>Diese Behauptung ist falsch und entbehrt jeder Grundlage. Ich pers\u00f6nlich f\u00fchle mich nicht nur betroffen, sondern die falsche Behauptung ist f\u00fcr mich gesch\u00e4ftssch\u00e4digend.<br \/>Ich habe die Reparaturarbeiten zusammen mit meinem Sohn im Juli 1985 in meinem Betrieb durchgef\u00fchrt. Danach habe ich den Zust\u00e4ndigen und Verantwortlichen der Wehr das Fahrzeug vorgef\u00fchrt und ihnen \u00fcbergeben. Es ergaben sich bei der Vorf\u00fchrung keinerlei Bean<br \/>standungen.<br \/>Die von mir in Rechnung gestell<br \/>ten Reparaturkosten betrugen nicht, wie in der Versammlung behauptet,<br \/>4000 Mark, sondern 2600 Mark. Nachdem ich am Montag den Be<br \/>richt mit der behaupteten Beanstandung in der \u201eRundschau&#8220; gelesen hatte, habe ich sofort mit dem Wehrf\u00fchrer Boy B\u00e4thke und dem Sicherheitsbeauftragten Willi Dohrn einen Termin vor Ort vereinbart, um das beanstandete Fahrzeug zu \u00fcberpr\u00fcfen.<br \/>Ergebnis: a) Der Motor sprang normal an; b) Der Saugdruck der Wasserpumpe war sehr gut (8 bis 10<br \/>bar Unterdruck); c) Keine Beanstandung der Eddelaker Feuerwehr-Verantwortlichen.Walter Harries<br \/>Kraftfahrzeugmeister<br \/>Eddelak<\/p>\n","protected":false},"excerpt":{"rendered":"TS 8 ist betriebsbereit\nAuf der Hauptversammlung der Feuerwehr Eddelak am 7. M\u00e4rz wurde vom Sicherheitsbeauftragten bem\u00e4ngelt, da\u00df die TS 8 nicht betriebsbereit ist, obwohl eine &hellip;","protected":false},"author":1,"featured_media":0,"comment_status":"open","ping_status":"open","sticky":false,"template":"","format":"standard","meta":{"ngg_post_thumbnail":0,"footnotes":""},"categories":[4],"tags":[],"class_list":["post-639","post","type-post","status-publish","format-standard","hentry","category-archiv"],"_links":{"self":[{"href":"https:\/\/www.feuerwehr-eddelak.de\/wcms\/wp-json\/wp\/v2\/posts\/639","targetHints":{"allow":["GET"]}}],"collection":[{"href":"https:\/\/www.feuerwehr-eddelak.de\/wcms\/wp-json\/wp\/v2\/posts"}],"about":[{"href":"https:\/\/www.feuerwehr-eddelak.de\/wcms\/wp-json\/wp\/v2\/types\/post"}],"author":[{"embeddable":true,"href":"https:\/\/www.feuerwehr-eddelak.de\/wcms\/wp-json\/wp\/v2\/users\/1"}],"replies":[{"embeddable":true,"href":"https:\/\/www.feuerwehr-eddelak.de\/wcms\/wp-json\/wp\/v2\/comments?post=639"}],"version-history":[{"count":0,"href":"https:\/\/www.feuerwehr-eddelak.de\/wcms\/wp-json\/wp\/v2\/posts\/639\/revisions"}],"wp:attachment":[{"href":"https:\/\/www.feuerwehr-eddelak.de\/wcms\/wp-json\/wp\/v2\/media?parent=639"}],"wp:term":[{"taxonomy":"category","embeddable":true,"href":"https:\/\/www.feuerwehr-eddelak.de\/wcms\/wp-json\/wp\/v2\/categories?post=639"},{"taxonomy":"post_tag","embeddable":true,"href":"https:\/\/www.feuerwehr-eddelak.de\/wcms\/wp-json\/wp\/v2\/tags?post=639"}],"curies":[{"name":"wp","href":"https:\/\/api.w.org\/{rel}","templated":true}]}}