{"id":646,"date":"1987-12-04T00:00:00","date_gmt":"1987-12-04T00:00:00","guid":{"rendered":"http:\/\/feuerwehr-eddelak.de\/wcms\/?p=646"},"modified":"1987-12-04T00:00:00","modified_gmt":"1987-12-04T00:00:00","slug":"landrat-tiessen-ubergab-gestern-katastrophenschutzfahrzeug-81","status":"publish","type":"post","link":"https:\/\/www.feuerwehr-eddelak.de\/wcms\/1987\/landrat-tiessen-ubergab-gestern-katastrophenschutzfahrzeug-81\/","title":{"rendered":"Landrat Tiessen \u00fcbergab gestern Katastrophenschutzfahrzeug"},"content":{"rendered":"<h2>Eddelaks Wehr verdient Auszeichnung<\/h2>\n<p>Eddelak (kant) Als eine besondere Auszeichnung, f\u00fcr den hohen Qualit\u00e4tsstand und die Zuverl\u00e4ssigkeit der Eddelaker Wehr, bezeichnete am gestrigen Freitag nachmittag, Landrat Tiessen die Stationierung des neuen Katastrophenschutzfahrzeuges in Eddelak. Von Dithmarschens Verwaltungschef wanderte der Schl\u00fcssel des neuen L\u00f6schgruppenfahrzeuges (LF 16 TS) in Stafette \u00fcber Kreisbrandmeister Eisenschmidt und Ortswehrf\u00fchrer, Boy B\u00e4thke, zu Walter Gehrts. Er wird das \u201eGesch\u00fctz&#8220; zuk\u00fcnftig direkt betreuen.<br \/>Landrat Tiessen nannte die \u201eenorme&#8220; Summe von 280 000 Mark. Sie werden voll aus Mitteln des Bundeskatastrophenschutzes gezahlt. 1600 Liter Wasser leistet allein die fest eingebaute Pumpe dieses Wagens. 840 Meter Schlauch sind an Bord. Dazu eine Tragkraftspritze.<br \/>In seiner kurzen Ansprache wies Tiessen auch auf den aus der Sicht des Katastrophenschutzes g\u00fcnstigen Standort des neuen Fahrzeuges am<br \/>Rande des Industriegebietes<br \/>Brunsb\u00fcttel hin.<br \/>Schnelle Schl\u00e4uche<br \/>Vom Kreis Dithmarschen selbst finanziert wurde beim gleichen Festakt&#8220; einer Abordnung der Kreisfeuerwehrzentrale ein \u201ekleines Fahrzeug f\u00fcr den schnellen Einsatz vor Ort&#8220;. Der alte Schlauchwagen der Zentrale war ausgemustert worden. Der \u00fcber 22 000 Mark teure Kleintransporter wurde bei der Anschaffung zu 40 Prozent aus Mitteln der Feuerschutzsteuer finanziert.<br \/>Die 52 aktiven Eddelaker und Dingener Feuerwehrm\u00e4nner der Eddelaker Wehr setzen mit der \u00dcbernahme des LF 16 TS eine Tradition fort, Stand doch hier schon das Vorg\u00e4ngerfahrzeug. Die B\u00fcrgermeister Reimer Martens und Walter Baaske begr\u00fc\u00dften die Verst\u00e4rkung.<\/p>\n","protected":false},"excerpt":{"rendered":"Eddelaks Wehr verdient Auszeichnung\nEddelak (kant) Als eine besondere Auszeichnung, f\u00fcr den hohen Qualit\u00e4tsstand und die Zuverl\u00e4ssigkeit der Eddelaker Wehr, bezeichnete am gestrigen Freitag nachmittag, Landrat &hellip;","protected":false},"author":1,"featured_media":0,"comment_status":"open","ping_status":"open","sticky":false,"template":"","format":"standard","meta":{"ngg_post_thumbnail":0,"footnotes":""},"categories":[4],"tags":[],"class_list":["post-646","post","type-post","status-publish","format-standard","hentry","category-archiv"],"_links":{"self":[{"href":"https:\/\/www.feuerwehr-eddelak.de\/wcms\/wp-json\/wp\/v2\/posts\/646","targetHints":{"allow":["GET"]}}],"collection":[{"href":"https:\/\/www.feuerwehr-eddelak.de\/wcms\/wp-json\/wp\/v2\/posts"}],"about":[{"href":"https:\/\/www.feuerwehr-eddelak.de\/wcms\/wp-json\/wp\/v2\/types\/post"}],"author":[{"embeddable":true,"href":"https:\/\/www.feuerwehr-eddelak.de\/wcms\/wp-json\/wp\/v2\/users\/1"}],"replies":[{"embeddable":true,"href":"https:\/\/www.feuerwehr-eddelak.de\/wcms\/wp-json\/wp\/v2\/comments?post=646"}],"version-history":[{"count":0,"href":"https:\/\/www.feuerwehr-eddelak.de\/wcms\/wp-json\/wp\/v2\/posts\/646\/revisions"}],"wp:attachment":[{"href":"https:\/\/www.feuerwehr-eddelak.de\/wcms\/wp-json\/wp\/v2\/media?parent=646"}],"wp:term":[{"taxonomy":"category","embeddable":true,"href":"https:\/\/www.feuerwehr-eddelak.de\/wcms\/wp-json\/wp\/v2\/categories?post=646"},{"taxonomy":"post_tag","embeddable":true,"href":"https:\/\/www.feuerwehr-eddelak.de\/wcms\/wp-json\/wp\/v2\/tags?post=646"}],"curies":[{"name":"wp","href":"https:\/\/api.w.org\/{rel}","templated":true}]}}