{"id":664,"date":"1990-03-12T00:00:00","date_gmt":"1990-03-12T00:00:00","guid":{"rendered":"http:\/\/feuerwehr-eddelak.de\/wcms\/?p=664"},"modified":"1990-03-12T00:00:00","modified_gmt":"1990-03-12T00:00:00","slug":"dachstuhl-in-eddelak-ausgebrannt-104","status":"publish","type":"post","link":"https:\/\/www.feuerwehr-eddelak.de\/wcms\/1990\/dachstuhl-in-eddelak-ausgebrannt-104\/","title":{"rendered":"Dachstuhl in Eddelak ausgebrannt"},"content":{"rendered":"<h2>Feuer in Wohnhaus<\/h2>\n<p>EDDELAK (edd). Um 7.30 Uhr am Sonnabend schrillten in Eddelak die Sirenen: Feuer auf dem landwirtschaftlichen Betrieb von William Holst an der Bahnhofstra\u00dfe 29. Der Dachstuhl des Wohnhauses stand in Flammen. Die Eddelaker Freiwillige Feuerwehr r\u00fcckte mit 32 Mann aus und verhinderte ein Ausweiten des Feuers auf den gesamten Dachstuhl. Wie Wehrf\u00fchrer Peter Bielenberg berich-<br \/>tet, durch einen Innenangriff mit schwerem Atemschutz. So wurde auch ein Durchbrechen des Feuers in die unteren Wohnr\u00e4ume gestoppt.<br \/>Wehrf\u00fchrer Bielenberg vermutet, da\u00df der Brand durch einen Kurzschlu\u00df ausgebrochen ist. Nach Angaben der Einsatzleitstelle in Heide ist ein Schaden von rund 120000 Mark entstanden. Personen kamen nicht zu Schaden.<\/p>\n","protected":false},"excerpt":{"rendered":"Feuer in Wohnhaus\nEDDELAK (edd). Um 7.30 Uhr am Sonnabend schrillten in Eddelak die Sirenen: Feuer auf dem landwirtschaftlichen Betrieb von William Holst an der Bahnhofstra\u00dfe &hellip;","protected":false},"author":1,"featured_media":0,"comment_status":"open","ping_status":"open","sticky":false,"template":"","format":"standard","meta":{"ngg_post_thumbnail":0,"footnotes":""},"categories":[4],"tags":[],"class_list":["post-664","post","type-post","status-publish","format-standard","hentry","category-archiv"],"_links":{"self":[{"href":"https:\/\/www.feuerwehr-eddelak.de\/wcms\/wp-json\/wp\/v2\/posts\/664","targetHints":{"allow":["GET"]}}],"collection":[{"href":"https:\/\/www.feuerwehr-eddelak.de\/wcms\/wp-json\/wp\/v2\/posts"}],"about":[{"href":"https:\/\/www.feuerwehr-eddelak.de\/wcms\/wp-json\/wp\/v2\/types\/post"}],"author":[{"embeddable":true,"href":"https:\/\/www.feuerwehr-eddelak.de\/wcms\/wp-json\/wp\/v2\/users\/1"}],"replies":[{"embeddable":true,"href":"https:\/\/www.feuerwehr-eddelak.de\/wcms\/wp-json\/wp\/v2\/comments?post=664"}],"version-history":[{"count":0,"href":"https:\/\/www.feuerwehr-eddelak.de\/wcms\/wp-json\/wp\/v2\/posts\/664\/revisions"}],"wp:attachment":[{"href":"https:\/\/www.feuerwehr-eddelak.de\/wcms\/wp-json\/wp\/v2\/media?parent=664"}],"wp:term":[{"taxonomy":"category","embeddable":true,"href":"https:\/\/www.feuerwehr-eddelak.de\/wcms\/wp-json\/wp\/v2\/categories?post=664"},{"taxonomy":"post_tag","embeddable":true,"href":"https:\/\/www.feuerwehr-eddelak.de\/wcms\/wp-json\/wp\/v2\/tags?post=664"}],"curies":[{"name":"wp","href":"https:\/\/api.w.org\/{rel}","templated":true}]}}