{"id":670,"date":"1990-08-16T00:00:00","date_gmt":"1990-08-16T00:00:00","guid":{"rendered":"http:\/\/feuerwehr-eddelak.de\/wcms\/?p=670"},"modified":"1990-08-16T00:00:00","modified_gmt":"1990-08-16T00:00:00","slug":"ehemaliger-lucht-hof-stand-in-flammen-111","status":"publish","type":"post","link":"https:\/\/www.feuerwehr-eddelak.de\/wcms\/1990\/ehemaliger-lucht-hof-stand-in-flammen-111\/","title":{"rendered":"Ehemaliger Lucht-Hof stand in Flammen"},"content":{"rendered":"<h2>Eddelaker Feuerwehr rettete Wohngeb\u00e4ude<\/h2>\n<p>BEHMHUSEN (bz). Wenig Freude d\u00fcrfte ein Landwirt aus dem Sophienkoog bei Helserdeich mit seinem gekauften Resthof im Eddelaker Ortsteil Behmhusen haben. Erst vor vier Wocheri gekauft, stand das Stallgeb\u00e4ude in der Nacht zum Mittwoch pl\u00f6tzlich in Flammen. Als die Feuerwehr Eddelak gegen 04.20 Uhr an der Brandstelle eintraf, schlugen die Flammen bereits aus dem rund 12 Meter hohem Geb\u00e4ude. Da es in voller Ausdehnung brannte, war an eine Rettung nicht mehr zu denken.<br \/>Deshalb konzentrierten sich 27 eingetroffene Aktive unter Brandeinsatzleitung von Wehrf\u00fchrer Peter Bielenberg in erster Linie auf die Rettung des Wohngeb\u00e4udes. Der leichte Wind wehte g\u00fcnstig aus westlicher Richtung. Probleme verursachte jedoch die hohe Giebelwand gen Westen, die auf den Zwischengang zum Wohnhaus st\u00fcrzte, in dem sich auch ein voller Heiz\u00f6ltank befand. Durch<br \/>schnellen Einsatz mit ausreichend L\u00f6schwasser aus den umliegenden Oberflurhydranten gelang es der Wehr mittels einer Wasserwand, das \u00dcbergreifen der Flammen zu verhindern.<br \/>Dagegen fiel das rund 80 Jahre alte Stallgeb\u00e4ude des ehemaligen Amtsvorstehers Werner Lucht, der im fr\u00fchen Alter von nur 52 Jahren an Kehlkopfkrebs verstarb, in Schutt und Asche. Aus Sicherheitsgr\u00fcnden wurde das hohe Gem\u00e4uer von den Einsatzkr\u00e4ften zus\u00e4tzlich eingerissen. Gedeckt war das Stallgeb\u00e4ude mit einem Teerdach, das dem Feuer zus\u00e4tzlich \u201eschnelle Nahrung&#8220; gab. Im Geb\u00e4ude selbst befanden sich lediglich ein paar Fuder Stroh der letztj\u00e4hrigen Ernte. Das Restheu aus dem Vorjahr war<br \/>noch vor wenigen Wochen durch den Vorbesitzer verkauft worden.<br \/>Die Eddelaker Wehr konnte dank der eigenen guten Ausr\u00fcstung auf die Hilfe der Nachbarwehren verzichten. Sie r\u00fcckte jedoch mit allen drei Einsatzfahrzeugen an. Schwerer Atemschutz stand bei Fu\u00df, brauchte aber nicht mehr eingesetzt werden. Der Wehrf\u00fchrer veranla\u00dfte, die Stromzufuhr vor dem Geb\u00e4ude durch die Schleswag abschalten zu lassen. \u00dcber den Brandherd konnte vor Ort wenig gesagt werden. Da das Stallgeb\u00e4ude keine Betondecke hatte, k\u00f6nnen die Flammen auch von unten schnell nach oben durchgebrannt sein. Entdeckt wurde das Feuer durch einen Kraftfahrer von der Stra\u00dfe Eddelak &#8211; Marne, die nur 100 Meter am Resthof vorbeif\u00fchrt. Wie wir auf der Brandstelle weiter erfahren konnten, soll das Geb\u00e4ude mit rund 450 000 Mark versichert sein. Entsprechend hoch d\u00fcrfte der Sachschaden sein.<\/p>\n","protected":false},"excerpt":{"rendered":"Eddelaker Feuerwehr rettete Wohngeb\u00e4ude\nBEHMHUSEN (bz). Wenig Freude d\u00fcrfte ein Landwirt aus dem Sophienkoog bei Helserdeich mit seinem gekauften Resthof im Eddelaker Ortsteil Behmhusen haben. Erst &hellip;","protected":false},"author":1,"featured_media":0,"comment_status":"open","ping_status":"open","sticky":false,"template":"","format":"standard","meta":{"ngg_post_thumbnail":0,"footnotes":""},"categories":[4],"tags":[],"class_list":["post-670","post","type-post","status-publish","format-standard","hentry","category-archiv"],"_links":{"self":[{"href":"https:\/\/www.feuerwehr-eddelak.de\/wcms\/wp-json\/wp\/v2\/posts\/670","targetHints":{"allow":["GET"]}}],"collection":[{"href":"https:\/\/www.feuerwehr-eddelak.de\/wcms\/wp-json\/wp\/v2\/posts"}],"about":[{"href":"https:\/\/www.feuerwehr-eddelak.de\/wcms\/wp-json\/wp\/v2\/types\/post"}],"author":[{"embeddable":true,"href":"https:\/\/www.feuerwehr-eddelak.de\/wcms\/wp-json\/wp\/v2\/users\/1"}],"replies":[{"embeddable":true,"href":"https:\/\/www.feuerwehr-eddelak.de\/wcms\/wp-json\/wp\/v2\/comments?post=670"}],"version-history":[{"count":0,"href":"https:\/\/www.feuerwehr-eddelak.de\/wcms\/wp-json\/wp\/v2\/posts\/670\/revisions"}],"wp:attachment":[{"href":"https:\/\/www.feuerwehr-eddelak.de\/wcms\/wp-json\/wp\/v2\/media?parent=670"}],"wp:term":[{"taxonomy":"category","embeddable":true,"href":"https:\/\/www.feuerwehr-eddelak.de\/wcms\/wp-json\/wp\/v2\/categories?post=670"},{"taxonomy":"post_tag","embeddable":true,"href":"https:\/\/www.feuerwehr-eddelak.de\/wcms\/wp-json\/wp\/v2\/tags?post=670"}],"curies":[{"name":"wp","href":"https:\/\/api.w.org\/{rel}","templated":true}]}}