{"id":680,"date":"1992-08-22T00:00:00","date_gmt":"1992-08-22T00:00:00","guid":{"rendered":"http:\/\/feuerwehr-eddelak.de\/wcms\/?p=680"},"modified":"1992-08-22T00:00:00","modified_gmt":"1992-08-22T00:00:00","slug":"ferkel-konnten-nicht-gerettet-werden-126","status":"publish","type":"post","link":"https:\/\/www.feuerwehr-eddelak.de\/wcms\/1992\/ferkel-konnten-nicht-gerettet-werden-126\/","title":{"rendered":"Ferkel konnten nicht gerettet werden"},"content":{"rendered":"<h2>Haus und Stall brannten<\/h2>\n<p>Eddelak (ut) Eine b\u00f6se \u00dcberraschung erlebte Familie Hansen, als sie gestern mittag wieder nach Hause kamen: Wohnhaus und Stallgeb\u00e4ude in der Averlaker Stra\u00dfe 15 in Eddelak standen in Flammen. Hilflos mu\u00dften sie zusehen, wie rund f\u00fcnzig Ferkel im Feuer umkamen. Antje Hansen versuchte noch, ins Geb\u00e4ude zu kommen. Dabei verletzte sie sich am Fu\u00df, so da\u00df sie erst einmal zum Arzt mu\u00dfte. \u201eDenen bleibt ja nichts, au\u00dfer dem, was sie am Leibe tragen&#8220;, meinte einer der Umste<br \/>henden mitf\u00fchlend.<br \/>Drei Feuerwehren waren anger\u00fcckt und versuchten dem Brand Einhalt zu gebieten: Die Kameraden aus Eddelak, Averlak und St. Michaelisdonn k\u00e4mpften vergebens gegen das Flammenmeer. \u201eDa wird wohl nichts mehr zu retten sein&#8220;, vermutet Polizist Hebel aus Eddelak.<br \/>Die Brandursache ist nach Auskunft der Polizei noch unbekannt. W\u00e4hrend der L\u00f6scharbeiten wurde die Averlaker Stra\u00dfe von beiden Seiten von der Polizei gesperrt.<\/p>\n","protected":false},"excerpt":{"rendered":"Haus und Stall brannten\nEddelak (ut) Eine b\u00f6se \u00dcberraschung erlebte Familie Hansen, als sie gestern mittag wieder nach Hause kamen: Wohnhaus und Stallgeb\u00e4ude in der Averlaker &hellip;","protected":false},"author":1,"featured_media":0,"comment_status":"open","ping_status":"open","sticky":false,"template":"","format":"standard","meta":{"ngg_post_thumbnail":0,"footnotes":""},"categories":[4],"tags":[],"class_list":["post-680","post","type-post","status-publish","format-standard","hentry","category-archiv"],"_links":{"self":[{"href":"https:\/\/www.feuerwehr-eddelak.de\/wcms\/wp-json\/wp\/v2\/posts\/680","targetHints":{"allow":["GET"]}}],"collection":[{"href":"https:\/\/www.feuerwehr-eddelak.de\/wcms\/wp-json\/wp\/v2\/posts"}],"about":[{"href":"https:\/\/www.feuerwehr-eddelak.de\/wcms\/wp-json\/wp\/v2\/types\/post"}],"author":[{"embeddable":true,"href":"https:\/\/www.feuerwehr-eddelak.de\/wcms\/wp-json\/wp\/v2\/users\/1"}],"replies":[{"embeddable":true,"href":"https:\/\/www.feuerwehr-eddelak.de\/wcms\/wp-json\/wp\/v2\/comments?post=680"}],"version-history":[{"count":0,"href":"https:\/\/www.feuerwehr-eddelak.de\/wcms\/wp-json\/wp\/v2\/posts\/680\/revisions"}],"wp:attachment":[{"href":"https:\/\/www.feuerwehr-eddelak.de\/wcms\/wp-json\/wp\/v2\/media?parent=680"}],"wp:term":[{"taxonomy":"category","embeddable":true,"href":"https:\/\/www.feuerwehr-eddelak.de\/wcms\/wp-json\/wp\/v2\/categories?post=680"},{"taxonomy":"post_tag","embeddable":true,"href":"https:\/\/www.feuerwehr-eddelak.de\/wcms\/wp-json\/wp\/v2\/tags?post=680"}],"curies":[{"name":"wp","href":"https:\/\/api.w.org\/{rel}","templated":true}]}}