{"id":685,"date":"1993-01-27T00:00:00","date_gmt":"1993-01-27T00:00:00","guid":{"rendered":"http:\/\/feuerwehr-eddelak.de\/wcms\/?p=685"},"modified":"1993-01-27T00:00:00","modified_gmt":"1993-01-27T00:00:00","slug":"amtswehr-eddelak-st-michaelisdonn-wahlte-131","status":"publish","type":"post","link":"https:\/\/www.feuerwehr-eddelak.de\/wcms\/1993\/amtswehr-eddelak-st-michaelisdonn-wahlte-131\/","title":{"rendered":"Amtswehr Eddelak-St Michaelisdonn w\u00e4hlte"},"content":{"rendered":"<h2>Uwe Sch\u00fcttjetzt neuer Stellvertreter<\/h2>\n<p>Eddelak (plu) Zur Vorstandssitzung der Amtswehr EddelakSt. Michaelisdonn konnte Amtswehrf\u00fchrer G\u00fcnter Thorm\u00e4hlen Mitglieder der Wehren Eddelak, Averlak, Dingen, Blangenmoor und St. Michaelisdonn begr\u00fc\u00dfen. Als G\u00e4ste waren die B\u00fcrgermeister Reimer Borchers (Eddelak), Walter Baaske (Dingen), Siegfried Hahn (Averlak) und Jochen Rohde (St. Michaelisdonn) anwesend, wobei Jochen Rohde zus\u00e4tzlich in seiner Funktion als Wehrf\u00fchrer der Freiwilligen Feuerwehr St. Michaelisdonn zugegen war. Des weiteren konnte Thorm\u00e4hlen Kreisbrandmeister Uwe Eisenschmidt und den Brunsb\u00fctteler Wehrf\u00fchrer Hans-Werner Hentrey als G\u00e4ste begr\u00fc\u00dfen sowie Amtsvorsteher Detlev Tr\u00e4ris.<br \/>\u201eRuckzuck&#8220; waren die Tagesordnungspunkte Kassenbericht, Entlastung und Wahlen erledigt.<br \/>Ebenso einstimmig wurde Uwe Sch\u00fctt zum Nachfolger des stellvertretenden Amtswehrf\u00fchrers Hans-Werner Breihold gew\u00e4hlt. \u201eAuf allzeit gute Zusammenarbeit. Mit diesen Worten dankte Sch\u00fctt den Anwesenden f\u00fcr das in ihn gesetzte Vertrauen. Amtsvorsteher Tr\u00e4ris dankte der Amtswehr im Namen der Kirchspielslandsgemeinde Eddelak-St. Michaelisdonn f\u00fcr die dauerhafte gute Zusammenarbeit. B\u00fcrgermeister Borchers unterstrich dies im Namen seiner Amtskollegen.<br \/>Amtswehrf\u00fchrer G\u00fcnter Thorm\u00e4hlen gab einen R\u00fcckblick auf den Stand der Amtswehr sowie das abgelaufene Jahr. Derzeit z\u00e4hlt die Amts<br \/>wehr 151 aktive Mitglieder, untergliedert in neun L\u00f6schz\u00fcge. 1992 bek\u00e4mpften die M\u00e4nner der lokalen, die Amtswehr bildenden Freiwilligen Feuerwehren acht Gro\u00dfbr\u00e4nde und neun Kleinbr\u00e4nde, leisteten 48mal Hilfe, f\u00fchrten 32 Heumessungen durch und ertrugen zwei Fehlalarme. Die Freiwillige Feuerwehr Eddelak errang 1992 das \u201esilberne Beil&#8220; und die St. Michaelisdonner Wehr als zweite Wehr im Kreis das \u201egoldene Beil&#8220;. Beide Auszeichnungen spiegeln den hohen Leistungsstand der Wehren wider. \u201eUnf\u00e4lle w\u00e4hrend der Eins\u00e4tze gab es keine&#8220;, vermeldete Amtswehrf\u00fchrer Thorm\u00e4hlen mit<br \/>Blick auf den Kreisbrandmeister. Uwe Eisenschmidt hatte zuvor kritisch angemerkt, da\u00df man 1992 auf Kreisebene \u00fcber 30 Unf\u00e4lle bei Eins\u00e4tzen verzeichnen mu\u00dfte. Au\u00dferdem wies Eisenschmidt darauf hin, da\u00df bei allen Fahrzeugen nach sp\u00e4testens zehn Jahren die Reifen erneuert werden m\u00fcssen. Grund f\u00fcr diese bundesweit geltende neue Verordnung war ein Unfall mit Todesfolge, nachdem ein bis dato unbenutzter zehn Jahre alter Ersatzreifen geplatzt war. An die Wehrf\u00fchrer appellierte Eisenschmidt doch alle Eins\u00e4tze aufzuzeichnen, wozu auch Kleineins\u00e4tze wie eine Wespennestbeseitigung z\u00e4hlen. An alle Feuerwehrm\u00e4nner richtete der Kreisbrandmeister seinen mahnenden Appell: \u201eGeht pfleglich mit den Ger\u00e4ten um.&#8220;<\/p>\n","protected":false},"excerpt":{"rendered":"Uwe Sch\u00fcttjetzt neuer Stellvertreter\nEddelak (plu) Zur Vorstandssitzung der Amtswehr EddelakSt. Michaelisdonn konnte Amtswehrf\u00fchrer G\u00fcnter Thorm\u00e4hlen Mitglieder der Wehren Eddelak, Averlak, Dingen, Blangenmoor und St. Michaelisdonn &hellip;","protected":false},"author":1,"featured_media":0,"comment_status":"open","ping_status":"open","sticky":false,"template":"","format":"standard","meta":{"ngg_post_thumbnail":0,"footnotes":""},"categories":[4],"tags":[],"class_list":["post-685","post","type-post","status-publish","format-standard","hentry","category-archiv"],"_links":{"self":[{"href":"https:\/\/www.feuerwehr-eddelak.de\/wcms\/wp-json\/wp\/v2\/posts\/685","targetHints":{"allow":["GET"]}}],"collection":[{"href":"https:\/\/www.feuerwehr-eddelak.de\/wcms\/wp-json\/wp\/v2\/posts"}],"about":[{"href":"https:\/\/www.feuerwehr-eddelak.de\/wcms\/wp-json\/wp\/v2\/types\/post"}],"author":[{"embeddable":true,"href":"https:\/\/www.feuerwehr-eddelak.de\/wcms\/wp-json\/wp\/v2\/users\/1"}],"replies":[{"embeddable":true,"href":"https:\/\/www.feuerwehr-eddelak.de\/wcms\/wp-json\/wp\/v2\/comments?post=685"}],"version-history":[{"count":0,"href":"https:\/\/www.feuerwehr-eddelak.de\/wcms\/wp-json\/wp\/v2\/posts\/685\/revisions"}],"wp:attachment":[{"href":"https:\/\/www.feuerwehr-eddelak.de\/wcms\/wp-json\/wp\/v2\/media?parent=685"}],"wp:term":[{"taxonomy":"category","embeddable":true,"href":"https:\/\/www.feuerwehr-eddelak.de\/wcms\/wp-json\/wp\/v2\/categories?post=685"},{"taxonomy":"post_tag","embeddable":true,"href":"https:\/\/www.feuerwehr-eddelak.de\/wcms\/wp-json\/wp\/v2\/tags?post=685"}],"curies":[{"name":"wp","href":"https:\/\/api.w.org\/{rel}","templated":true}]}}