{"id":686,"date":"1993-02-25T00:00:00","date_gmt":"1993-02-25T00:00:00","guid":{"rendered":"http:\/\/feuerwehr-eddelak.de\/wcms\/?p=686"},"modified":"1993-02-25T00:00:00","modified_gmt":"1993-02-25T00:00:00","slug":"gestern-vormittag-zwischen-eddelak-und-kuden-mit-pkw-gegen-baum-geprallt-133","status":"publish","type":"post","link":"https:\/\/www.feuerwehr-eddelak.de\/wcms\/1993\/gestern-vormittag-zwischen-eddelak-und-kuden-mit-pkw-gegen-baum-geprallt-133\/","title":{"rendered":"Gestern vormittag zwischen Eddelak und Kuden: Mit PKW gegen Baum geprallt"},"content":{"rendered":"<h2>Brunsb\u00fcttler schwer verletzt<\/h2>\n<p>EDDELAK\/KUDEN (br). Mit der Rettungsschere befreite gestern vormittag die Eddelaker Wehr einen 21j\u00e4hriger Brunsb\u00fcttler aus seinem total demolierten Autowrack. Der junge Mann war aus Richtung Eddelak kommend einige hundert Meter vor dem Ortseingang Kuden vermutlich wegen zu<br \/>hoher Geschwindigkeit nach rechts von der Fahrbahn abgekommen und gegen einen Stra\u00dfenbaum geprallt. Dies geschah mit solcher Wucht, da\u00df sich sein schwarzer Ford f\u00f6rmlich um den Stamm wickelte. Das eingeklemmte Unfallopfer mu\u00dfte von den eilig herbeigerufenen Blaur\u00f6cken aus den Tr\u00fcmmern<br \/>herausgeschnitten werden.Neben zwei Einsatzfahrzeugen der FreiwilligenWehr Eddelak war vorsorglich noch ein Wagen aus St.Michaelisdonn mit einemSpezialger\u00e4t (Spreizer) ander Unfallstelle. Der jungeBrunsb\u00fcttler wurde nachkurzer \u00e4rztlicher Notfallbehandlung mit einem Bundes<br \/>wehrhubschrauber aus Itzehoe ins Heider Kreiskrankenhaus geflogen. Die Stra\u00dfe zwischen Eddelak und Kuden war kurzzeitig f\u00fcr den Verkehr gesperrt. Neben den drei Feuerwehrwagen waren zwei Rettungsfahrzeuge, ein Notarzt und zwei Polizeifahrzeuge an der Unfallstelle.<\/p>\n","protected":false},"excerpt":{"rendered":"Brunsb\u00fcttler schwer verletzt\nEDDELAK\/KUDEN (br). Mit der Rettungsschere befreite gestern vormittag die Eddelaker Wehr einen 21j\u00e4hriger Brunsb\u00fcttler aus seinem total demolierten Autowrack. Der junge Mann war &hellip;","protected":false},"author":1,"featured_media":0,"comment_status":"open","ping_status":"open","sticky":false,"template":"","format":"standard","meta":{"ngg_post_thumbnail":0,"footnotes":""},"categories":[4],"tags":[],"class_list":["post-686","post","type-post","status-publish","format-standard","hentry","category-archiv"],"_links":{"self":[{"href":"https:\/\/www.feuerwehr-eddelak.de\/wcms\/wp-json\/wp\/v2\/posts\/686","targetHints":{"allow":["GET"]}}],"collection":[{"href":"https:\/\/www.feuerwehr-eddelak.de\/wcms\/wp-json\/wp\/v2\/posts"}],"about":[{"href":"https:\/\/www.feuerwehr-eddelak.de\/wcms\/wp-json\/wp\/v2\/types\/post"}],"author":[{"embeddable":true,"href":"https:\/\/www.feuerwehr-eddelak.de\/wcms\/wp-json\/wp\/v2\/users\/1"}],"replies":[{"embeddable":true,"href":"https:\/\/www.feuerwehr-eddelak.de\/wcms\/wp-json\/wp\/v2\/comments?post=686"}],"version-history":[{"count":0,"href":"https:\/\/www.feuerwehr-eddelak.de\/wcms\/wp-json\/wp\/v2\/posts\/686\/revisions"}],"wp:attachment":[{"href":"https:\/\/www.feuerwehr-eddelak.de\/wcms\/wp-json\/wp\/v2\/media?parent=686"}],"wp:term":[{"taxonomy":"category","embeddable":true,"href":"https:\/\/www.feuerwehr-eddelak.de\/wcms\/wp-json\/wp\/v2\/categories?post=686"},{"taxonomy":"post_tag","embeddable":true,"href":"https:\/\/www.feuerwehr-eddelak.de\/wcms\/wp-json\/wp\/v2\/tags?post=686"}],"curies":[{"name":"wp","href":"https:\/\/api.w.org\/{rel}","templated":true}]}}