{"id":689,"date":"1993-08-23T00:00:00","date_gmt":"1993-08-23T00:00:00","guid":{"rendered":"http:\/\/feuerwehr-eddelak.de\/wcms\/?p=689"},"modified":"1993-08-23T00:00:00","modified_gmt":"1993-08-23T00:00:00","slug":"wahrend-ehepaar-kwiatkowski-tief-und-fest-schlief-138","status":"publish","type":"post","link":"https:\/\/www.feuerwehr-eddelak.de\/wcms\/1993\/wahrend-ehepaar-kwiatkowski-tief-und-fest-schlief-138\/","title":{"rendered":"W\u00e4hrend Ehepaar Kwiatkowski tief und fest schlief"},"content":{"rendered":"<h2>Flammen lichterloh aus Abstellraum mit \u00d6ltank<\/h2>\n<p>EDDELAK (pd). Fe\u00fceralarm gab es am Sonntag in aller Fr\u00fche in der Norderstra\u00dfe in Eddelak. Der Fahrradabstellraum mit integriertem \u00d6ltank der Wohnh\u00e4user Nummer 18\/20 brannte lichterloh.<br \/>\u201eIch dachte, unser Hund schiebe seine leere Futtersch\u00fcssel durch die K\u00fcche und stand deswegen auf. Das Ger\u00e4usch kam aber von den splitternden Eternitplatten des Daches&#8220;, berichtete G\u00fcnter Mann, einer der Mieter des Hauses Norderstra\u00dfe 18.<br \/>Dem schnellen Einsatz von 26 Feuerwehrleuten ist es zu verdanken, da\u00df das Feuer nicht auch auf das Wohnhaus Norderstra\u00dfe 20 \u00fcbergriff.<br \/>Bis in die Fenster der Dachgescho\u00dfwohnung schlugen die Flammen. Dort befindet sich ein Schlafraum, der aber zum Zeitpunkt des Brandes nicht benutzt wurde.<br \/>Die starke Rauchentwicklung in der Wohnung hatte die Mieter geweckt. \u201eVorrangig war der Schutz des Wohnhauses und des Tankraumes. Der \u00d6ltank war gut gesichert. Zwei Pkw, die in einem Unterstand neben<br \/>dem Abstellraum parkten, mu\u00dften vor den Flammen in Sicherheit gebracht werden&#8220;, berichtete Eddelaks Wehrf\u00fchrer Peter Bielenberg.<br \/>Eine Stunde dauerten die L\u00f6scharbeiten. Mehrere Fahrr\u00e4der der Bewohner, ein Rasenm\u00e4her und ein Werkzeugschrank verbrannten.<br \/>Tief und fest geschlafen hat w\u00e4hrend des Einsatzes das Ehepaar Kwiatkowski, da\u00df erst um 8.30 Uhr von dem Brand erfuhr. \u201eDas gibt es doch nicht. Wir haben absolut nichts davon mitbekommen. Zwei Fahrr\u00e4der, beide nagelneu, hatten wir im Raum untergestellt. Nun sind sie nur noch Schrott&#8220;, erz\u00e4hlt Knut Kwiatkowski, der froh ist, da\u00df die Feuerwehr noch gr\u00f6\u00dferen Schaden von den Bewohnern abwenden konnte. Die Brandursache und Schadensh\u00f6he ist noch nicht bekannt.<\/p>\n","protected":false},"excerpt":{"rendered":"Flammen lichterloh aus Abstellraum mit \u00d6ltank\nEDDELAK (pd). Fe\u00fceralarm gab es am Sonntag in aller Fr\u00fche in der Norderstra\u00dfe in Eddelak. Der Fahrradabstellraum mit integriertem \u00d6ltank &hellip;","protected":false},"author":1,"featured_media":0,"comment_status":"open","ping_status":"open","sticky":false,"template":"","format":"standard","meta":{"ngg_post_thumbnail":0,"footnotes":""},"categories":[4],"tags":[],"class_list":["post-689","post","type-post","status-publish","format-standard","hentry","category-archiv"],"_links":{"self":[{"href":"https:\/\/www.feuerwehr-eddelak.de\/wcms\/wp-json\/wp\/v2\/posts\/689","targetHints":{"allow":["GET"]}}],"collection":[{"href":"https:\/\/www.feuerwehr-eddelak.de\/wcms\/wp-json\/wp\/v2\/posts"}],"about":[{"href":"https:\/\/www.feuerwehr-eddelak.de\/wcms\/wp-json\/wp\/v2\/types\/post"}],"author":[{"embeddable":true,"href":"https:\/\/www.feuerwehr-eddelak.de\/wcms\/wp-json\/wp\/v2\/users\/1"}],"replies":[{"embeddable":true,"href":"https:\/\/www.feuerwehr-eddelak.de\/wcms\/wp-json\/wp\/v2\/comments?post=689"}],"version-history":[{"count":0,"href":"https:\/\/www.feuerwehr-eddelak.de\/wcms\/wp-json\/wp\/v2\/posts\/689\/revisions"}],"wp:attachment":[{"href":"https:\/\/www.feuerwehr-eddelak.de\/wcms\/wp-json\/wp\/v2\/media?parent=689"}],"wp:term":[{"taxonomy":"category","embeddable":true,"href":"https:\/\/www.feuerwehr-eddelak.de\/wcms\/wp-json\/wp\/v2\/categories?post=689"},{"taxonomy":"post_tag","embeddable":true,"href":"https:\/\/www.feuerwehr-eddelak.de\/wcms\/wp-json\/wp\/v2\/tags?post=689"}],"curies":[{"name":"wp","href":"https:\/\/api.w.org\/{rel}","templated":true}]}}