{"id":691,"date":"1994-02-07T00:00:00","date_gmt":"1994-02-07T00:00:00","guid":{"rendered":"http:\/\/feuerwehr-eddelak.de\/wcms\/?p=691"},"modified":"1994-02-07T00:00:00","modified_gmt":"1994-02-07T00:00:00","slug":"amt-ubergab-feuerwehren-spenden-im-wert-von-80-000-mark-141","status":"publish","type":"post","link":"https:\/\/www.feuerwehr-eddelak.de\/wcms\/1994\/amt-ubergab-feuerwehren-spenden-im-wert-von-80-000-mark-141\/","title":{"rendered":"Amt \u00fcbergab Feuerwehren Spenden im Wert von 80 000 Mark"},"content":{"rendered":"<h2>Spende an Amtswehr erh\u00f6ht Sicherheit f\u00fcr die B\u00fcrger<\/h2>\n<p>St. Michaelisdonn (gk) \u201eWie Weihnachten!&#8220; staunte und bewunderte mit gl\u00e4nzenden Augen die kleine Gruppe, die vor einem reich best\u00fcckten \u201eGabentisch&#8220; stand.<br \/>Aufgebaut war dieser im Ger\u00e4tehaus der Kreisfeuerwehrzentrale St. Michaelisdonn, und die begeisterten Empf\u00e4nger waren die Wehrf\u00fchrer der Freiwilligen Feuerwehren Averlak, Eddelak und St. Michaelisdonn. Als \u00dcberbringer der \u201eGaben&#8220; im Gesamtwert von 80 000 Mark fungierte Detlev Tr\u00e4ris von der Amtsverwaltung.<br \/>\u201eIn der Einladung zur Ubergabe wurden lediglich die Funkger\u00e4te erw\u00e4hnt, in den vergangenen Tagen allerdings wurde dann st\u00e4ndig angeliefert, so da\u00df wir heute fast den Gesamtbetrag \u00fcbergeben k\u00f6nnen&#8220;, erkl\u00e4rte Tr\u00e4ris.<br \/>\u201eMit den neuen Ger\u00e4tschaften findet eine nachdr\u00fcckliche Verbesserung der Feuerwehren statt, die nicht nur den M\u00e4nnern im Einsatz ein gr\u00f6\u00dferes Sicherheitsgef\u00fchl gibt, sondern auch den B\u00fcrgern&#8220;, erkl\u00e4rte Detlev Tr\u00e4ris. Amtswehrf\u00fchrer G\u00fcnther Thorm\u00e4hlen dankte dem Amt f\u00fcr die reibungslose Zusammenarbeit und nicht zuletzt f\u00fcr das stets offene Ohr und die Unterst\u00fctzung der freiwilligen Helfer. \u201eDiese Ger\u00e4te helfen uns, die Einsatzbereitschaft zu sichern und die Arbeit am Unfallort zu verbessern.&#8220; Die Feuerwehren Averlak und Eddelak nahmen Ger\u00e4tschaft im Wert von je 22 000 Mark entge<br \/>gen. Dazu geh\u00f6ren Funkger\u00e4te, Funkmeldeempf\u00e4nger, Atemschutzger\u00e4te, ein Spreizer und ein Drehstromaggregat. Die Wehr aus St. Michel erhielt ebenfalls Funkger\u00e4te, Funkmeldeempf\u00e4nger, Drehstromaggregat und eine Tragkraftspritze, dies im Wert von 30 000 Mark. Auch Amtswehrf\u00fchrer G\u00fcnther Thorm\u00e4hlen ging nicht leer aus, er erhielt ein Funkger\u00e4t.<br \/>Keine Zeit verlieren wollten diejenigen, die gleich mit dem Lastwagen anger\u00fcckt waren, um die schwere Last zu verfrachten.<br \/>Mit dem Beschlu\u00df des Amtsausschusses vom 8. November 1993 zur Bereitstellpng weiterer dringend ben\u00f6tigter Ausr\u00fcstung und Ger\u00e4te f\u00fcr die Wehren wurden umgehend die Materialien bestellt, nur die Lieferung verz\u00f6gerte sich immer wieder.<br \/>Im Handumdrehen war alles in den Fahrzeugen verstaut.<br \/>Beim anschlie\u00dfenden Imbi\u00df in der Kantine fachsimpelten die Wehrf\u00fchrer mit den Vertretern der Amtsverwaltung, die durch die B\u00fcrgermeister der Gemeinden vertreten wurde.<\/p>\n","protected":false},"excerpt":{"rendered":"Spende an Amtswehr erh\u00f6ht Sicherheit f\u00fcr die B\u00fcrger\nSt. Michaelisdonn (gk) \u201eWie Weihnachten!&#8220; staunte und bewunderte mit gl\u00e4nzenden Augen die kleine Gruppe, die vor einem reich &hellip;","protected":false},"author":1,"featured_media":0,"comment_status":"open","ping_status":"open","sticky":false,"template":"","format":"standard","meta":{"ngg_post_thumbnail":0,"footnotes":""},"categories":[4],"tags":[],"class_list":["post-691","post","type-post","status-publish","format-standard","hentry","category-archiv"],"_links":{"self":[{"href":"https:\/\/www.feuerwehr-eddelak.de\/wcms\/wp-json\/wp\/v2\/posts\/691","targetHints":{"allow":["GET"]}}],"collection":[{"href":"https:\/\/www.feuerwehr-eddelak.de\/wcms\/wp-json\/wp\/v2\/posts"}],"about":[{"href":"https:\/\/www.feuerwehr-eddelak.de\/wcms\/wp-json\/wp\/v2\/types\/post"}],"author":[{"embeddable":true,"href":"https:\/\/www.feuerwehr-eddelak.de\/wcms\/wp-json\/wp\/v2\/users\/1"}],"replies":[{"embeddable":true,"href":"https:\/\/www.feuerwehr-eddelak.de\/wcms\/wp-json\/wp\/v2\/comments?post=691"}],"version-history":[{"count":0,"href":"https:\/\/www.feuerwehr-eddelak.de\/wcms\/wp-json\/wp\/v2\/posts\/691\/revisions"}],"wp:attachment":[{"href":"https:\/\/www.feuerwehr-eddelak.de\/wcms\/wp-json\/wp\/v2\/media?parent=691"}],"wp:term":[{"taxonomy":"category","embeddable":true,"href":"https:\/\/www.feuerwehr-eddelak.de\/wcms\/wp-json\/wp\/v2\/categories?post=691"},{"taxonomy":"post_tag","embeddable":true,"href":"https:\/\/www.feuerwehr-eddelak.de\/wcms\/wp-json\/wp\/v2\/tags?post=691"}],"curies":[{"name":"wp","href":"https:\/\/api.w.org\/{rel}","templated":true}]}}