{"id":692,"date":"1994-02-18T00:00:00","date_gmt":"1994-02-18T00:00:00","guid":{"rendered":"http:\/\/feuerwehr-eddelak.de\/wcms\/?p=692"},"modified":"1994-02-18T00:00:00","modified_gmt":"1994-02-18T00:00:00","slug":"40-von-51-mitzliedern-auf-der-hauptversammlung-dabei-143","status":"publish","type":"post","link":"https:\/\/www.feuerwehr-eddelak.de\/wcms\/1994\/40-von-51-mitzliedern-auf-der-hauptversammlung-dabei-143\/","title":{"rendered":"40 von 51 Mitzliedern auf der Hauptversammlung dabei"},"content":{"rendered":"<h2>Br\u00e4nde gab es &#8217;93 genug f\u00fcr die Eddelaker Feuerwehr<\/h2>\n<p>Eddelak (ard) F\u00fcr 50j\u00e4hrige Mitgliedschaft in der Freiwilligen Feuerwehr Eddelak wurde Klaus Otto von Possel anl\u00e4\u00dflich der Hauptversammlung in der \u201eEiche-Klause&#8220; mit dem entsprechenden \u00c4rmelstreifen ausgezeichnet. Das ist einmalig in der 113j\u00e4hrigen Geschichte der Eddelaker Wehr. Die anstehende Bef\u00f6rderung zum Hauptl\u00f6schmeister wird vom Kreiswehrf\u00fchrer nachgeholt.<br \/>In Abwesenheit gab es eine Ehrung f\u00fcr 25j\u00e4hrige Aktivit\u00e4t f\u00fcr G\u00fcnter Thorm\u00e4hlen. Zum Hauptfeuerwehrmann wurde<br \/>Volker Dree\u00dfen bef\u00f6rdert, w\u00e4hrend Jens Feichtenschlager jetzt den Dienstgrad des Oberfeuerwehrmannes tr\u00e4gt.<br \/>Ein \u201evolles Haus&#8220; begr\u00fc\u00dfte Wehrf\u00fchrer Peter Bielenberg. Dabei galt sein besonderer Gru\u00df der Frauenbeauftragten Renate Peters, den B\u00fcrgermeistern Reimer Borchers und Walter Baaske, dem stellvertretenden Amtswehrf\u00fchrer Uwe Sch\u00fctt, dem ABCFachwart Jochen Rohde und dem Dorfpolizisten Jan H\u00e4bel.<br \/>Von derzeit 51 aktiven Mitgliedern waren 40 zur Hauptversammlung gekommen. Auch zahlreiche Ehrenmitglieder und der Ehrenwehrf\u00fchrer Boy B\u00e4thke hatten es sich nicht nehmen lasen, der Hauptversammlung beizuwohnen.<br \/>Das Durchschnitsalter betr\u00e4gt 40,8 Jahre. Mit Mirko Sell und Dominik Wagner wurden zwei Anw\u00e4rter nach einj\u00e4hriger Probezeit einstimmig in die Wehr aufgenommen. Wehrf\u00fchrer Peter Bielenberg verpflichtete sie per Handschlag und sagte: \u201eEintritt und Austritt sind freiwillig und was dazwischen liegt, ist Dienst!&#8220;<br \/>Im abgelaufenen Jahr wurden zw\u00f6lf Ubungsabende durchgef\u00fchrt. Man hatte einen Gro\u00dfbrand, drei mittlere und drei kleinere Br\u00e4nde zu bek\u00e4mpfen.<br \/>Eine Orientierungsfahrt wurde ausgearbeitet, zwei Gruppen beteiligten sich am Westk\u00fcstenmarsch, und die Maifeier war wieder ein gro\u00dfer Erfolg.<br \/>\u00dcber alle anderen Aktivit\u00e4ten berichtete Schriftf\u00fchrer Bernd Man hatte einen Gro\u00dfbrand, drei mittlere und drei kleinere Br\u00e4nde zu bek\u00e4mpfen.<br \/>Eine Orientierungsfahrt wurde ausgearbeitet, zwei Gruppen beteiligten sich am Westk\u00fcstenmarsch, und die Maifeier war wieder ein gro\u00dfer Erfolg.<br \/>\u00dcber alle anderen Aktivit\u00e4ten berichtete Schriftf\u00fchrer Bernd Feichtenschlager ausf\u00fchrlicF mit seinem Protokoll.<br \/>\u201eWir haben 1993 ein unfallfreies Jahr gehabt. Das w\u00fcnsche ich auch f\u00fcr dieses Jahr&#8220;, berichtete der Sicherheitsbeauftragte Olaf Drevsen. regelm\u00e4\u00dfig durchgef\u00fchrt wurden und die Wehi sehr gut ausger\u00fcstet ist. Die bef\u00f6rderten und neuen Mitglieder der Eddelaker Wehr sind Jens Feichtenschlager, Mirkc Sell, Dominik Wagner,und Volker Dree\u00dfen.<\/p>\n","protected":false},"excerpt":{"rendered":"Br\u00e4nde gab es &#8217;93 genug f\u00fcr die Eddelaker Feuerwehr\nEddelak (ard) F\u00fcr 50j\u00e4hrige Mitgliedschaft in der Freiwilligen Feuerwehr Eddelak wurde Klaus Otto von Possel anl\u00e4\u00dflich der &hellip;","protected":false},"author":1,"featured_media":0,"comment_status":"open","ping_status":"open","sticky":false,"template":"","format":"standard","meta":{"ngg_post_thumbnail":0,"footnotes":""},"categories":[4],"tags":[],"class_list":["post-692","post","type-post","status-publish","format-standard","hentry","category-archiv"],"_links":{"self":[{"href":"https:\/\/www.feuerwehr-eddelak.de\/wcms\/wp-json\/wp\/v2\/posts\/692","targetHints":{"allow":["GET"]}}],"collection":[{"href":"https:\/\/www.feuerwehr-eddelak.de\/wcms\/wp-json\/wp\/v2\/posts"}],"about":[{"href":"https:\/\/www.feuerwehr-eddelak.de\/wcms\/wp-json\/wp\/v2\/types\/post"}],"author":[{"embeddable":true,"href":"https:\/\/www.feuerwehr-eddelak.de\/wcms\/wp-json\/wp\/v2\/users\/1"}],"replies":[{"embeddable":true,"href":"https:\/\/www.feuerwehr-eddelak.de\/wcms\/wp-json\/wp\/v2\/comments?post=692"}],"version-history":[{"count":0,"href":"https:\/\/www.feuerwehr-eddelak.de\/wcms\/wp-json\/wp\/v2\/posts\/692\/revisions"}],"wp:attachment":[{"href":"https:\/\/www.feuerwehr-eddelak.de\/wcms\/wp-json\/wp\/v2\/media?parent=692"}],"wp:term":[{"taxonomy":"category","embeddable":true,"href":"https:\/\/www.feuerwehr-eddelak.de\/wcms\/wp-json\/wp\/v2\/categories?post=692"},{"taxonomy":"post_tag","embeddable":true,"href":"https:\/\/www.feuerwehr-eddelak.de\/wcms\/wp-json\/wp\/v2\/tags?post=692"}],"curies":[{"name":"wp","href":"https:\/\/api.w.org\/{rel}","templated":true}]}}