{"id":700,"date":"1996-12-19T00:00:00","date_gmt":"1996-12-19T00:00:00","guid":{"rendered":"http:\/\/feuerwehr-eddelak.de\/wcms\/?p=700"},"modified":"1996-12-19T00:00:00","modified_gmt":"1996-12-19T00:00:00","slug":"averlaker-setzte-sich-knapp-durch-164","status":"publish","type":"post","link":"https:\/\/www.feuerwehr-eddelak.de\/wcms\/1996\/averlaker-setzte-sich-knapp-durch-164\/","title":{"rendered":"Averlaker setzte sich knapp durch"},"content":{"rendered":"<h2>Dieter Kr\u00f6ger neuer Amtswehrf\u00fchrer<\/h2>\n<p>Eddelak\/ St. Michaelisdonn (ard) Neuer Amtswehrf\u00fchrer f\u00fcr das Amt Eddelak\/St. Michaelisdonn wurde Dieter Kr\u00f6ger von der Freiwilligen Feuerwehr Averlak\/Blangenmoor. Der 41j\u00e4hrige Brandmeister ist stellvertretender Wehrf\u00fchrer und Sicherheitsbeauftragter in der Averlaker Wehr. Auf der Delegiertenversammlung im Eddelaker Feuerwehrger\u00e4tehaus setzte er sich mit elf zu neun Stimmen (bei einer Stimmenthaltung) gegen den Donner Wehrf\u00fchrer und gleichzeitig amtierenden stellvertretenden Amtswehrf\u00fchrer Uwe Sch\u00fctt durch. Die Wahl war notwendig geworden, da der bisherige Amtsinhaber G\u00fcnter Thorm\u00e4hlen nach<br \/>26j\u00e4hriger Amtst\u00e4tigkeit wegen Erreichung der Altersgrenze aus dem aktiven Dienst ausscheiden mu\u00df. Derzeit besteht die Amtswehr aus 141 aktiven<br \/>Mitgliedern bei den Erwachsenen und 32 bei der Jugendwehr. Diese teilen sich wie folgt auf: Averlak (43 Erwachsene und sieben Jugendliche), Eddelak (47 und zehn) und St. Michaelisdonn (51 und 15). Der scheidende Amtwehrf\u00fchrer gratulierte seinem Nachfolger mit den Abschlu\u00dfworten: \u201eDenke an die Kameradschaft in der Wehr.&#8220; Dieter Kr\u00f6ger dankte f\u00fcr das Vertrauen und w\u00fcnschte sich mit seinem Stellvertreter Uwe Sch\u00fctt eine gute Zusammenarbeit zum Wohle der Wehr. Vom Kreisverband \u00fcberbrachte Jochen Rohde die Gru\u00dfworte. Er brachte deutlich zum Ausdruck, da\u00df der Neugew\u00e4hlte eine geordnete Amtswehr mit sehr gutem Material \u00fcbernimmt. Die Ausbildung und Kameradschaft hat einen hohen Stellenwert \u201eDu hast gro\u00dfe Verantwortung \u00fcbernommen. An uns allen liegt es jetzt, den Standard der Amtswehr zu halten&#8220;, sagte er abschlie\u00dfend.<\/p>\n","protected":false},"excerpt":{"rendered":"Dieter Kr\u00f6ger neuer Amtswehrf\u00fchrer\nEddelak\/ St. Michaelisdonn (ard) Neuer Amtswehrf\u00fchrer f\u00fcr das Amt Eddelak\/St. Michaelisdonn wurde Dieter Kr\u00f6ger von der Freiwilligen Feuerwehr Averlak\/Blangenmoor. Der 41j\u00e4hrige Brandmeister &hellip;","protected":false},"author":1,"featured_media":0,"comment_status":"open","ping_status":"open","sticky":false,"template":"","format":"standard","meta":{"ngg_post_thumbnail":0,"footnotes":""},"categories":[4],"tags":[],"class_list":["post-700","post","type-post","status-publish","format-standard","hentry","category-archiv"],"_links":{"self":[{"href":"https:\/\/www.feuerwehr-eddelak.de\/wcms\/wp-json\/wp\/v2\/posts\/700","targetHints":{"allow":["GET"]}}],"collection":[{"href":"https:\/\/www.feuerwehr-eddelak.de\/wcms\/wp-json\/wp\/v2\/posts"}],"about":[{"href":"https:\/\/www.feuerwehr-eddelak.de\/wcms\/wp-json\/wp\/v2\/types\/post"}],"author":[{"embeddable":true,"href":"https:\/\/www.feuerwehr-eddelak.de\/wcms\/wp-json\/wp\/v2\/users\/1"}],"replies":[{"embeddable":true,"href":"https:\/\/www.feuerwehr-eddelak.de\/wcms\/wp-json\/wp\/v2\/comments?post=700"}],"version-history":[{"count":0,"href":"https:\/\/www.feuerwehr-eddelak.de\/wcms\/wp-json\/wp\/v2\/posts\/700\/revisions"}],"wp:attachment":[{"href":"https:\/\/www.feuerwehr-eddelak.de\/wcms\/wp-json\/wp\/v2\/media?parent=700"}],"wp:term":[{"taxonomy":"category","embeddable":true,"href":"https:\/\/www.feuerwehr-eddelak.de\/wcms\/wp-json\/wp\/v2\/categories?post=700"},{"taxonomy":"post_tag","embeddable":true,"href":"https:\/\/www.feuerwehr-eddelak.de\/wcms\/wp-json\/wp\/v2\/tags?post=700"}],"curies":[{"name":"wp","href":"https:\/\/api.w.org\/{rel}","templated":true}]}}