{"id":701,"date":"1997-12-19T00:00:00","date_gmt":"1997-12-19T00:00:00","guid":{"rendered":"http:\/\/feuerwehr-eddelak.de\/wcms\/?p=701"},"modified":"1997-12-19T00:00:00","modified_gmt":"1997-12-19T00:00:00","slug":"er-fluchtete-indes-im-dichten-qualm-durch-eine-luke-169","status":"publish","type":"post","link":"https:\/\/www.feuerwehr-eddelak.de\/wcms\/1997\/er-fluchtete-indes-im-dichten-qualm-durch-eine-luke-169\/","title":{"rendered":"Er fl\u00fcchtete indes im dichten Qualm durch eine Luke"},"content":{"rendered":"<h2>Familie suchte verzweifelt nach dem 18j\u00e4hrigen Sohn<\/h2>\n<p>Eddelak (ard). Dramatische Minuten gab es gestern nach dem Ausbruch eines Schwelbrandes in Eddelak. Da suchte die Familie nach ihrem 18j\u00e4hrigen Sohn, w\u00e4hrend er sich bereits durch eine Dachluke in Sicherheit gebracht hatte, wie Zeugen berichteten. Mit Verdacht auf Rauch<br \/>vergiftung und weitere Verletzungen wurdeder Sohn zur \u00e4rztlichen Untersuchung ins Brunsb\u00fctteler Krankenhaus gebracht. Er erlitt vor allem Verbrennungen am R\u00fccken. Seine Mutter wurde unter Schock behandelt. Ein Teil ihrer Haare war versengt. Der Schwelbrand brach am fr\u00fchen<br \/>Sonnabend morgen im unteren Bereich des Hauses Warferdonn 35 aus. Zu den Hintergr\u00fcnden: Hannelore Johannsen hatte ihren Hund an die Luft gelassen und dabei Rauchentwicklung am Nachbarhaus bemerkt. Sie alarmierte sofort die Leitstelle. Kurz vor sieben Uhr in der Fr\u00fche heulten dann die Sirenen in Eddelak. Frau Johannsens Ehemann Egon leitete unterdessen mit dem Gartenschlauch die L\u00f6scharbeiten ein. Anschlie\u00dfend wurde auch er vorsorglich durch das Brunsb\u00fctteler Krankenhaus \u00e4rztlich versorgt. Kurz nach der Alarmierung war die Freiwillige Feuerwehr Eddelak unter Wehrf\u00fchrer Peter Bielenberg mit 21 Wehrleuten an der Brandstelle. Die Polizei sorgte f\u00fcr die Verkehrsregelung, und Krankenwagen und Notarzt waren auch schnell vor Ort.<br \/>\u00dcber 200 Meter Schlauch mu\u00dften ausgerollt werden. Neben dem LF 8 und dem LF 16 kam auch das Atemschutzfahrzeug zum Einsatz. Sechs Wehrm\u00e4nner waren mit Atemschutz<br \/>ger\u00e4ten bei der Bek\u00e4mpfung im Einsatz. Der Brand konnte schnell bek\u00e4mpft werden. Es handelte sich um einen Schwelbrand ohne offenes Feuer. Zur Entstehung der Brandursache nahm die die Kriminalpolizei routinem\u00e4\u00dfig ihre Untersuchungen auf. Der Sachschaden wird nach ersten Ermittllungen auf rund 40- bis 50 000 Mark gesch\u00e4tzt. Nach rund eineinhalb Stunden war der Einsatz beendet.<\/p>\n","protected":false},"excerpt":{"rendered":"Familie suchte verzweifelt nach dem 18j\u00e4hrigen Sohn\nEddelak (ard). Dramatische Minuten gab es gestern nach dem Ausbruch eines Schwelbrandes in Eddelak. Da suchte die Familie nach &hellip;","protected":false},"author":1,"featured_media":0,"comment_status":"open","ping_status":"open","sticky":false,"template":"","format":"standard","meta":{"ngg_post_thumbnail":0,"footnotes":""},"categories":[4],"tags":[],"class_list":["post-701","post","type-post","status-publish","format-standard","hentry","category-archiv"],"_links":{"self":[{"href":"https:\/\/www.feuerwehr-eddelak.de\/wcms\/wp-json\/wp\/v2\/posts\/701","targetHints":{"allow":["GET"]}}],"collection":[{"href":"https:\/\/www.feuerwehr-eddelak.de\/wcms\/wp-json\/wp\/v2\/posts"}],"about":[{"href":"https:\/\/www.feuerwehr-eddelak.de\/wcms\/wp-json\/wp\/v2\/types\/post"}],"author":[{"embeddable":true,"href":"https:\/\/www.feuerwehr-eddelak.de\/wcms\/wp-json\/wp\/v2\/users\/1"}],"replies":[{"embeddable":true,"href":"https:\/\/www.feuerwehr-eddelak.de\/wcms\/wp-json\/wp\/v2\/comments?post=701"}],"version-history":[{"count":0,"href":"https:\/\/www.feuerwehr-eddelak.de\/wcms\/wp-json\/wp\/v2\/posts\/701\/revisions"}],"wp:attachment":[{"href":"https:\/\/www.feuerwehr-eddelak.de\/wcms\/wp-json\/wp\/v2\/media?parent=701"}],"wp:term":[{"taxonomy":"category","embeddable":true,"href":"https:\/\/www.feuerwehr-eddelak.de\/wcms\/wp-json\/wp\/v2\/categories?post=701"},{"taxonomy":"post_tag","embeddable":true,"href":"https:\/\/www.feuerwehr-eddelak.de\/wcms\/wp-json\/wp\/v2\/tags?post=701"}],"curies":[{"name":"wp","href":"https:\/\/api.w.org\/{rel}","templated":true}]}}