{"id":705,"date":"1999-03-01T00:00:00","date_gmt":"1999-03-01T00:00:00","guid":{"rendered":"http:\/\/feuerwehr-eddelak.de\/wcms\/?p=705"},"modified":"1999-03-01T00:00:00","modified_gmt":"1999-03-01T00:00:00","slug":"blaurocke-haben-ereignisreiches-jahr-hinter-sich-grosseinsatz-beim-brand-in-dingen-174","status":"publish","type":"post","link":"https:\/\/www.feuerwehr-eddelak.de\/wcms\/1999\/blaurocke-haben-ereignisreiches-jahr-hinter-sich-grosseinsatz-beim-brand-in-dingen-174\/","title":{"rendered":"Blaur\u00f6cke haben ereignisreiches Jahr hinter sich &#8211; Gro\u00dfeinsatz beim Brand in Dingen"},"content":{"rendered":"<h2>Wachabl\u00f6sung Eggert Schoof ist neuer zweiter Wehrf\u00fchrer<\/h2>\n<p>Mit Eggert Schoof (35) w\u00e4hlten die Blaur\u00f6cke einen neuen stellvertretenden Wehrf\u00fchrer.er tritt die Nachfolge von Horst Ladwig (65) an, der die Altersgrenze f\u00fcr den aktiven Dienst\u00fcberschritten hat. Der Gro\u00dfbrand in Dingen sowie neun weitere Feuer haben 1998 f\u00fcrdie Kameraden zu einem ereignisreichen Jahr gemacht. Zum neuen stellvertretenden Wehrf\u00fchrer w\u00e4hlten die Kameraden w\u00e4hrend der Jahresversamm<br \/>\nlung Eggert Schoof (35).<br \/>\nDer Oberl\u00f6schmeister mu\u00df noch vom Amtsausschu\u00df best\u00e4tigt werden. Dann kann er zum Jahresende<br \/>\ndie Nachfolge von Horst Ladwig antreten, der das Amt abgeben mu\u00df, da er die Altersgrenze von 65 Jahren erreicht hat.<br \/>\nEggert Schoof ist seit 1981 in der Eddelaker Wehr und auch beim Gefahrengutl\u00f6schzug als Gruppenf\u00fchrer engagiert. \u00dcberraschenderweise mu\u00dfte der noch amtierende stellvertretende Wehrf\u00fchrer Horst Ladwig die Jahresversammlung der Blaur\u00f6cke leiten. Er vertrat Wehrf\u00fchrer Peter Bielenberg optimal.<br \/>\nProblemlos verliefen auch die Wahlen der Ger\u00e4tewarte. L\u00f6schmeister Bernd Ladwig wurde zum 1. Ger\u00e4tewart und FeuerwehrmannJ\u00fcrgen<br \/>\nPetermann zum 2. Ger\u00e4tewart gew\u00e4hlt. \u201eBeide sind Schlosser und k\u00f6nnen sich optimal der Aufgabe widmen&#8220;, sagte der Versammlungsleiter.<br \/>\nAmtsvorsteherReimer<br \/>\nBorchers freute sich \u00fcber das niedrige Durchschnittsalter der Feuerwehr. Der Eddelaker Wehr geh\u00f6ren 50 Aktive an, die ein durchschnittlich 38 Jahre alt sind. Zw\u00f6lf Jungfeuerwehrleute und acht Ehrenmitglieder vervollst\u00e4ndigen die Truppe. \u201ePa\u00dft gut auf die Ger\u00e4te und Fahrzeuge auf!&#8220;, gab Borchers den Ger\u00e4<br \/>\ntewarten mit auf den Weg.<br \/>\nHorst Ladwig berichtete von einem ereignisreichen Feuerwehrjahr 1998. Neben dem Gro\u00dfbrand in Dingen r\u00fcckten die Blaur\u00f6cke zu<br \/>\nzwei mittelschweren Feuern und sieben Kleinbr\u00e4nden aus. Der Katastropheneinsatz in Neufeld ging \u00fcber drei Tage. Sieben technische Hilfeleistungen verlangten zus\u00e4tzli<br \/>\nchen Eins\u00e4tze, ebenso wie elf Insekteneins\u00e4tze und sieben Heumessungen. Auf die Ernstf\u00e4lle hatten sich die Blaur\u00f6cke w\u00e4hrend 14 \u00dcbungsabenden und sieben technische Ausbildungen sowie vier Funk\u00fcbungen vorbereitet.<br \/>\nSicherheitsbeauftragter Olaf Drevsen berichtete von einem unfallfreien Jahr. Von der guten Dienstbeteiligung des Wehr-Nachwuchses erz\u00e4hlteJugendwartRalf Napirasky.<br \/>\nAmtswehrf\u00fchrerDieter<br \/>\nKr\u00f6ger lobte die optimale Arbeit der Wehr anhand des Dankes der Unfallopfer aus Dingen, die sich gut betreut gef\u00fchlt h\u00e4tten. \u201eEs ist das erste Mal, da\u00df sich Verungl\u00fcck<br \/>\nte bei der Feuerwehr bedankten&#8220;, sagte Ladwig. F\u00fcr 20 Jahre Feuerwehrdienst wurdenOlaf Drevsen und Gerd Harders<br \/>\nvonDieter Kr\u00f6ger geehrt. Olaf Drevsen leiste als Sicherheitsbeauftragter wertvolle Arbeit und wurde zus\u00e4tzlich zum L\u00f6sch<br \/>\nmeister bef\u00f6rdert. \u201eGerd Harders hatte sich entschlossen, in die Wehr einzutreten, als er \u201eabgesoffen&#8220; war und die Feuerwehr ihm half, erinnerte Horst Ladwig. \u201eEr legte sich technisches Wissen zu und bildet auf Kreisebene aus&#8220;.<br \/>\nAuszeichnungen f\u00fcr zehn Jahre aktiven Feuerwehrdienst erhielten Thorsten Mohr, Thorsten Stabenow und Walter Lau. Zum Oberfeuerwehrmann wurden Thorsten Stabenow, Stephan Mohr, Walter Lau und Nils Finnern bef\u00f6rdert.<\/p>\n","protected":false},"excerpt":{"rendered":"Wachabl\u00f6sung Eggert Schoof ist neuer zweiter Wehrf\u00fchrer\nMit Eggert Schoof (35) w\u00e4hlten die Blaur\u00f6cke einen neuen stellvertretenden Wehrf\u00fchrer.er tritt die Nachfolge von Horst Ladwig (65) an, &hellip;","protected":false},"author":1,"featured_media":0,"comment_status":"open","ping_status":"open","sticky":false,"template":"","format":"standard","meta":{"ngg_post_thumbnail":0,"footnotes":""},"categories":[4],"tags":[],"class_list":["post-705","post","type-post","status-publish","format-standard","hentry","category-archiv"],"_links":{"self":[{"href":"https:\/\/www.feuerwehr-eddelak.de\/wcms\/wp-json\/wp\/v2\/posts\/705","targetHints":{"allow":["GET"]}}],"collection":[{"href":"https:\/\/www.feuerwehr-eddelak.de\/wcms\/wp-json\/wp\/v2\/posts"}],"about":[{"href":"https:\/\/www.feuerwehr-eddelak.de\/wcms\/wp-json\/wp\/v2\/types\/post"}],"author":[{"embeddable":true,"href":"https:\/\/www.feuerwehr-eddelak.de\/wcms\/wp-json\/wp\/v2\/users\/1"}],"replies":[{"embeddable":true,"href":"https:\/\/www.feuerwehr-eddelak.de\/wcms\/wp-json\/wp\/v2\/comments?post=705"}],"version-history":[{"count":0,"href":"https:\/\/www.feuerwehr-eddelak.de\/wcms\/wp-json\/wp\/v2\/posts\/705\/revisions"}],"wp:attachment":[{"href":"https:\/\/www.feuerwehr-eddelak.de\/wcms\/wp-json\/wp\/v2\/media?parent=705"}],"wp:term":[{"taxonomy":"category","embeddable":true,"href":"https:\/\/www.feuerwehr-eddelak.de\/wcms\/wp-json\/wp\/v2\/categories?post=705"},{"taxonomy":"post_tag","embeddable":true,"href":"https:\/\/www.feuerwehr-eddelak.de\/wcms\/wp-json\/wp\/v2\/tags?post=705"}],"curies":[{"name":"wp","href":"https:\/\/api.w.org\/{rel}","templated":true}]}}