{"id":706,"date":"1999-03-26T00:00:00","date_gmt":"1999-03-26T00:00:00","guid":{"rendered":"http:\/\/feuerwehr-eddelak.de\/wcms\/?p=706"},"modified":"1999-03-26T00:00:00","modified_gmt":"1999-03-26T00:00:00","slug":"millionenschaden-im-wahn-polizeiauto-gerammt-176","status":"publish","type":"post","link":"https:\/\/www.feuerwehr-eddelak.de\/wcms\/1999\/millionenschaden-im-wahn-polizeiauto-gerammt-176\/","title":{"rendered":"Millionenschaden &#8211; Im Wahn Polizeiauto gerammt"},"content":{"rendered":"<h2>\u201eKeine giftigen Gase&#8220; bei Gro\u00dfbrand<\/h2>\n<p>Eddelak (kant) \u00dcber eine Million Mark Sachschaden enstand gestern morgen bei einem Gro\u00dffeuer im Eddelaker Altpapierlager. Menschen wurden nicht verletzt. Die Ordnungsbeh\u00f6rde widersprach ersten Radiomeldungen, nach denen giftige Gase bei dem Qualm freigesetzt w\u00fcrden. Hei\u00dfe Ware soll Brandursache sein, denn die Papierballen, die sich beim \u00d6ffnen entz\u00fcndeten, h\u00e4tten schon bei der Anlieferung unbemerkt geglimmt, hie\u00df es.<br \/>Am Rande des Gro\u00dffeuers kam es zu einem dramatischen Vorfall, als ein 44j\u00e4hriger mit seinem Kleinlaster in einer Art Verfolgungswahn gleich zweimal gegen den zur Stra\u00dfenabsperrung quergestellten Polizeiwagen fuhr und dabei einen Beamten verletzte.<\/p>\n","protected":false},"excerpt":{"rendered":"\u201eKeine giftigen Gase&#8220; bei Gro\u00dfbrand\nEddelak (kant) \u00dcber eine Million Mark Sachschaden enstand gestern morgen bei einem Gro\u00dffeuer im Eddelaker Altpapierlager. Menschen wurden nicht verletzt. Die &hellip;","protected":false},"author":1,"featured_media":0,"comment_status":"open","ping_status":"open","sticky":false,"template":"","format":"standard","meta":{"ngg_post_thumbnail":0,"footnotes":""},"categories":[4],"tags":[],"class_list":["post-706","post","type-post","status-publish","format-standard","hentry","category-archiv"],"_links":{"self":[{"href":"https:\/\/www.feuerwehr-eddelak.de\/wcms\/wp-json\/wp\/v2\/posts\/706","targetHints":{"allow":["GET"]}}],"collection":[{"href":"https:\/\/www.feuerwehr-eddelak.de\/wcms\/wp-json\/wp\/v2\/posts"}],"about":[{"href":"https:\/\/www.feuerwehr-eddelak.de\/wcms\/wp-json\/wp\/v2\/types\/post"}],"author":[{"embeddable":true,"href":"https:\/\/www.feuerwehr-eddelak.de\/wcms\/wp-json\/wp\/v2\/users\/1"}],"replies":[{"embeddable":true,"href":"https:\/\/www.feuerwehr-eddelak.de\/wcms\/wp-json\/wp\/v2\/comments?post=706"}],"version-history":[{"count":0,"href":"https:\/\/www.feuerwehr-eddelak.de\/wcms\/wp-json\/wp\/v2\/posts\/706\/revisions"}],"wp:attachment":[{"href":"https:\/\/www.feuerwehr-eddelak.de\/wcms\/wp-json\/wp\/v2\/media?parent=706"}],"wp:term":[{"taxonomy":"category","embeddable":true,"href":"https:\/\/www.feuerwehr-eddelak.de\/wcms\/wp-json\/wp\/v2\/categories?post=706"},{"taxonomy":"post_tag","embeddable":true,"href":"https:\/\/www.feuerwehr-eddelak.de\/wcms\/wp-json\/wp\/v2\/tags?post=706"}],"curies":[{"name":"wp","href":"https:\/\/api.w.org\/{rel}","templated":true}]}}