{"id":707,"date":"1999-03-26T00:00:00","date_gmt":"1999-03-26T00:00:00","guid":{"rendered":"http:\/\/feuerwehr-eddelak.de\/wcms\/?p=707"},"modified":"1999-03-26T00:00:00","modified_gmt":"1999-03-26T00:00:00","slug":"nach-erstem-aufprall-zuruckgesetzt-und-erneut-aufgefahren-blut-und-urinprobe-angeordnet-177","status":"publish","type":"post","link":"https:\/\/www.feuerwehr-eddelak.de\/wcms\/1999\/nach-erstem-aufprall-zuruckgesetzt-und-erneut-aufgefahren-blut-und-urinprobe-angeordnet-177\/","title":{"rendered":"Nach erstem Aufprall zur\u00fcckgesetzt und erneut aufgefahren &#8211; Blut- und Urinprobe angeordnet"},"content":{"rendered":"<h2>Im Verfolgungswahn gegen Polizeisperre &#8211; Beamter verletzt<\/h2>\n<p>Eddelak &#8211; Mitten in die Stra\u00dfensperre f\u00fcr den Gro\u00dfbrand in Eddelaks Papierlager krachte gestern an der Kreuzung Theeberg ein 43j\u00e4hriger Mann mit seinem abgedeckten Pick-Up-Wagen. Dabei stie\u00df der vermutlich unter Verfolgungswahn leidende gleich zweimal zu, indem er nach dem ersten Aufprall sein Fahrzeug etwa f\u00fcnf Meter zur\u00fccksetzte und dann nocheinmal gegen den gr\u00fcn-wei\u00dfen Pkw fuhr.<br \/>Ein als Beifahrer im Streifenwagen sitzender 30j\u00e4hriger Polizeibeamter wurde dabei an Kopfund Nackenwirbel verletzt und mit dem Rettungswagen ins Krankenhaus gebracht. Er konnte nach ambulanter Behandlung wieder entlassen werden.<br \/>Der vermeintliche Sperrbrecher hatte das quergestellte Auto in der Mitte der Beifahrerseite<br \/>eingedr\u00fcckt. Gegen\u00fcber unserer Zeitung gab der erregt wirkende Mann an, er f\u00fchle sich verfolgt und bitte um Polizeischutz.<br \/>Wie die Polizei mitteilte, n\u00e4herte sich der Fahrer der Absperrung bereits beim ersten Anlauf in geringer Geschwindigkeit und machte keine Anstalten nach rechts oder links wegzufahren.<br \/>Der hinter dem Lenkrad des Polizeiwagens sitzende Streifenf\u00fchrer blieb unverletzt.<br \/>Die Polizei ordnete bei dem Fahrer des Kleinlastwagens nach dessen vorl\u00e4ufiger Festnahme, die unter Handschelleneinsatz erfolgte, eine Blut- und eine Urinprobe an. Nach polizeilichem Verh\u00f6r wurde er nach R\u00fccksprache mit der Staatsanwaltschaft Itzehoe entlassen.<br \/>An den beiden Fahrzeugen sei ein Sachschaden in H\u00f6he von etwa 10 000 Mark entstanden, hie\u00df es.<\/p>\n","protected":false},"excerpt":{"rendered":"Im Verfolgungswahn gegen Polizeisperre &#8211; Beamter verletzt\nEddelak &#8211; Mitten in die Stra\u00dfensperre f\u00fcr den Gro\u00dfbrand in Eddelaks Papierlager krachte gestern an der Kreuzung Theeberg ein &hellip;","protected":false},"author":1,"featured_media":0,"comment_status":"open","ping_status":"open","sticky":false,"template":"","format":"standard","meta":{"ngg_post_thumbnail":0,"footnotes":""},"categories":[4],"tags":[],"class_list":["post-707","post","type-post","status-publish","format-standard","hentry","category-archiv"],"_links":{"self":[{"href":"https:\/\/www.feuerwehr-eddelak.de\/wcms\/wp-json\/wp\/v2\/posts\/707","targetHints":{"allow":["GET"]}}],"collection":[{"href":"https:\/\/www.feuerwehr-eddelak.de\/wcms\/wp-json\/wp\/v2\/posts"}],"about":[{"href":"https:\/\/www.feuerwehr-eddelak.de\/wcms\/wp-json\/wp\/v2\/types\/post"}],"author":[{"embeddable":true,"href":"https:\/\/www.feuerwehr-eddelak.de\/wcms\/wp-json\/wp\/v2\/users\/1"}],"replies":[{"embeddable":true,"href":"https:\/\/www.feuerwehr-eddelak.de\/wcms\/wp-json\/wp\/v2\/comments?post=707"}],"version-history":[{"count":0,"href":"https:\/\/www.feuerwehr-eddelak.de\/wcms\/wp-json\/wp\/v2\/posts\/707\/revisions"}],"wp:attachment":[{"href":"https:\/\/www.feuerwehr-eddelak.de\/wcms\/wp-json\/wp\/v2\/media?parent=707"}],"wp:term":[{"taxonomy":"category","embeddable":true,"href":"https:\/\/www.feuerwehr-eddelak.de\/wcms\/wp-json\/wp\/v2\/categories?post=707"},{"taxonomy":"post_tag","embeddable":true,"href":"https:\/\/www.feuerwehr-eddelak.de\/wcms\/wp-json\/wp\/v2\/tags?post=707"}],"curies":[{"name":"wp","href":"https:\/\/api.w.org\/{rel}","templated":true}]}}