{"id":711,"date":"1999-07-29T00:00:00","date_gmt":"1999-07-29T00:00:00","guid":{"rendered":"http:\/\/feuerwehr-eddelak.de\/wcms\/?p=711"},"modified":"1999-07-29T00:00:00","modified_gmt":"1999-07-29T00:00:00","slug":"kleinwagen-von-werkslok-uberrollt-hohere-sicherheitsvorkehrungen-gefordert-181","status":"publish","type":"post","link":"https:\/\/www.feuerwehr-eddelak.de\/wcms\/1999\/kleinwagen-von-werkslok-uberrollt-hohere-sicherheitsvorkehrungen-gefordert-181\/","title":{"rendered":"Kleinwagen von Werkslok \u00fcberrollt &#8211; H\u00f6here Sicherheitsvorkehrungen gefordert"},"content":{"rendered":"<h2>T\u00f6dlicher Unfall am Bahn\u00fcbergang<\/h2>\n<p>Dingen (vh) Zu einem t\u00f6dlichen Verkehrsunfall kam es gestern vormittag um 9.30 Uhr in Dingen: Ein 72j\u00e4hriger Marner \u00fcberquerte mit seinem Smart den Bahn\u00fcbergang am Moordamm. Dabei wurde das Auto von einer Werkslok der Condea erfa\u00dft und 30 Meter mitgeschleift.<\/p>\n<p>Die genauen Unfallursachen `werden noch ermittelt, teilte der zust\u00e4ndige Bundesgrenzschutz (BGS) mit. Die Lokomotive, die von Brunsb\u00fcttel in Richtung St. Michaelisdonn fuhr, h\u00e4tte einen Pfeifton abgegeben. Der Smart kam aus Richtung St. Michaelisdonn. Erkenntnisse dar\u00fcber, ob der Wagen einen Lkw \u00fcberholt hatte, lagen dem BGS gestern nicht vor. Bei der Unfallstelle handelt es sich um einen unbeschrankten Bahn\u00fcbergang mit Andreaskreuz und 20-StundenkilometerTempolimit.<br \/>Der Puffer der Lok hat sich bei der Kollision in H\u00f6he des Lenkrades ins Auto gebohrt. Als Feuerwehr und Rettungsdienst die Unfallstelle erreichten, lief der Motor noch, ein Feuerwehrmann stellte ihn ab. Reanimationsversuche an dem Fahrer blieben erfolglos.<br \/>\u201eAn dem Bahn\u00fcbergang besteht dringender Handlungbedarf, die Sicherheitsvorschriften sind einfach nicht mehr zeitgem\u00e4\u00df&#8220;, sagte Olaf Drevsen von der Unabh\u00e4ngigen W\u00e4hlergemeinschaft Dingen (UWD) gestern. F\u00fcr den Kommunalpolitiker steht fest: \u201eDas ist schon der f\u00fcnfte Unfall an diesem Bahn\u00fcbergang und zum ersten Mal ein t\u00f6dlicher. Die Bahn mu\u00df Vernunft zeigen. Es m\u00fcssen ja keine teuren L\u00f6sungen sein. Es gen\u00fcgt, wenn die Lok anhalten w\u00fcrde.&#8220; Das Risiko sieht Drevsen vor allem darin, da\u00df \u201edie Leute den Bahn\u00fcber<br \/>gang nicht f\u00fcr voll nehmen, weil dort nur zweimal am Tag die Condea-Werkslok verkehrt&#8220;. Eben deshalb spiele Zeit hier keine gro\u00dfe Rolle.<br \/>Ebenso wie die stellvertretende B\u00fcrgermeisterin, Renate Peters (SPD), regt Drevsen an, da\u00df die Lok an dem Bahn\u00fcbergang anh\u00e4lt: \u201eIn Eddelak stoppt die Lok am Bahn\u00fcbergang.&#8220; In diesem Zusammenhang appelliert Peters an Autofahrer, an den Bahn\u00fcberg\u00e4ngen besondere Vorsicht walten zu lassen. Ob die Sicherheitsvorkehrungen ausreichen oder nicht, vermag Renate Peters nicht ein-<br \/>deutig zu sagen: \u201eVon St. Michel aus ist der Bahn\u00fcbergang sehr \u00fcbersichtlich, und wenn man aus Dingen kommt, sollte man langsam fahren. Au\u00dferdem sind Anwohner schon genervt, weil die Lok immer zweimal hupt.&#8220;<br \/>Helmut Kujawa, Pressesprecher der Deutschen Bahn, betonte gestern, die Bahn halte sich bei den Sicherheitsvorkehrungen der Bahn\u00fcberg\u00e4nge an die gesetzlichen Vorschriften. Kujawa: \u201eWir sind aber immer gespr\u00e4chsbereit, wenn nach Ansicht der Kommunalpolitiker Handlungsbedarf besteht.&#8220;<\/p>\n","protected":false},"excerpt":{"rendered":"T\u00f6dlicher Unfall am Bahn\u00fcbergang\nDingen (vh) Zu einem t\u00f6dlichen Verkehrsunfall kam es gestern vormittag um 9.30 Uhr in Dingen: Ein 72j\u00e4hriger Marner \u00fcberquerte mit seinem Smart &hellip;","protected":false},"author":1,"featured_media":0,"comment_status":"open","ping_status":"open","sticky":false,"template":"","format":"standard","meta":{"ngg_post_thumbnail":0,"footnotes":""},"categories":[4],"tags":[],"class_list":["post-711","post","type-post","status-publish","format-standard","hentry","category-archiv"],"_links":{"self":[{"href":"https:\/\/www.feuerwehr-eddelak.de\/wcms\/wp-json\/wp\/v2\/posts\/711","targetHints":{"allow":["GET"]}}],"collection":[{"href":"https:\/\/www.feuerwehr-eddelak.de\/wcms\/wp-json\/wp\/v2\/posts"}],"about":[{"href":"https:\/\/www.feuerwehr-eddelak.de\/wcms\/wp-json\/wp\/v2\/types\/post"}],"author":[{"embeddable":true,"href":"https:\/\/www.feuerwehr-eddelak.de\/wcms\/wp-json\/wp\/v2\/users\/1"}],"replies":[{"embeddable":true,"href":"https:\/\/www.feuerwehr-eddelak.de\/wcms\/wp-json\/wp\/v2\/comments?post=711"}],"version-history":[{"count":0,"href":"https:\/\/www.feuerwehr-eddelak.de\/wcms\/wp-json\/wp\/v2\/posts\/711\/revisions"}],"wp:attachment":[{"href":"https:\/\/www.feuerwehr-eddelak.de\/wcms\/wp-json\/wp\/v2\/media?parent=711"}],"wp:term":[{"taxonomy":"category","embeddable":true,"href":"https:\/\/www.feuerwehr-eddelak.de\/wcms\/wp-json\/wp\/v2\/categories?post=711"},{"taxonomy":"post_tag","embeddable":true,"href":"https:\/\/www.feuerwehr-eddelak.de\/wcms\/wp-json\/wp\/v2\/tags?post=711"}],"curies":[{"name":"wp","href":"https:\/\/api.w.org\/{rel}","templated":true}]}}