{"id":714,"date":"1999-10-01T00:00:00","date_gmt":"1999-10-01T00:00:00","guid":{"rendered":"http:\/\/feuerwehr-eddelak.de\/wcms\/?p=714"},"modified":"1999-10-01T00:00:00","modified_gmt":"1999-10-01T00:00:00","slug":"planungen-zum-eddelaker-feuerwehrhaus-ohne-vorgesprache-mit-dingen-184","status":"publish","type":"post","link":"https:\/\/www.feuerwehr-eddelak.de\/wcms\/1999\/planungen-zum-eddelaker-feuerwehrhaus-ohne-vorgesprache-mit-dingen-184\/","title":{"rendered":"Planungen zum Eddelaker Feuerwehrhaus ohne Vorgespr\u00e4che mit Dingen"},"content":{"rendered":"<h2>Baaske b\u00f6se: \u201eDas kann so nicht laufen&#8220;<\/h2>\n<p>Dingen &#8211; Dingens Alt-B\u00fcrgermeister Walter Baaske (SPD) platzte der Kragen, als es um Zusch\u00fcsse seiner Gemeinde bei der Umbau- und Erweiterungsma\u00dfnahme des Eddelaker Feuerwehrhauses ging.<\/p>\n<p>Grund seines Zorns: \u201eUnsere Gemeindevertretung ist nicht in die Planungen einbezogen worden. Und jetzt sind wir wieder einmal \u00fcberrascht worden.&#8220; Immerhin sollen die Dingener bei dem Projekt 54 000 Mark zuschie\u00dfen. \u201eUnd das&#8220;, fand Baaske, \u201eist kein Pappenstiel.&#8220; Zumal diese Situation schon einmal eingetreten sei: Als es um die Vergr\u00f6\u00dferung des Vorplatzes beim Eddelaker Feuerwehrger\u00e4tehaus ging, waren die Dingener im Vorfeld auch nicht informiert worden. \u201eDamals hat die Eddelaker Gemeindevertretung sogar den Beschlu\u00df gefa\u00dft, uns k\u00fcnftig in Planungen einzubeziehen&#8220;, erinnerte Walter Baaske, und f\u00fcgte hinzu: \u201eIch bin erbost. Das kann so nicht laufen. Deshalb werde ich ablehnen.&#8220;<br \/>Sein Eddelaker Amtskollege, Reimer Borchers, entschuldigte sich bei der Gemeindevertretung Dingen, als er das Projekt vorstellte. Dabei legte er Zeichnungen des Architekten Horst Haupthoff aus Hochdonn<br \/>vor-f\u00fcr Baaske schon ein Schritt zuviel. Borchers betonte, da\u00df es noch keine Ausschreibungsergebnisse und demzufolge noch keine Beschl\u00fcsse gebe. Er erg\u00e4nzte, Dingens B\u00fcrgermeister, KarlHeinz Reiche (SPD) unterrichtet zu haben. Anschlie\u00dfend sei nichts weiter gesagt worden.<br \/>Es geht um das marode Flachdach des Eddelaker Feuerwehrger\u00e4tehauses. Da\u00df dort dringender Handlungsbedarf besteht, wissen alle auch die bezweifeln dies nicht. Daher betonte Baaske auch ausdr\u00fccklich, seine \u00c4u\u00dferungen seien nicht gegen die Feuerwehr gerichtet. Und Reiche erg\u00e4nzte: \u201eWir profitieren von der Eddelaker Wehr und m\u00fcssen keine eigene Feuerwehr gr\u00fcnden.&#8220;<br \/>Der Feuerwehr geht es Olaf Drevsen zufolge vor allem um zus\u00e4tzlichen Stauraum unterm Dingener Gemeindevertreter Dach. Daher entstand die Idee, den gesamten Dachbereich aufzustocken -was zu Kosten in H\u00f6he von 177 303,40 f\u00fchrt. F\u00fcr Walter Baaske Anla\u00df zu Bedenken: \u201eWir wissen, da\u00df das Feuerwehrhaus \u00fcber Jahre Risse im Mauerwerk hatte. Durch das Dach entsteht mehr Winddruck. Wird das zu mehr Rissen f\u00fchren? Das sind Fragen, die<br \/>gekl\u00e4rt werden m\u00fcssen, bevor wir \u00fcber so viel Geld beschlie\u00dfen. Schlie\u00dflich wollen wir auf der sicheren Seite stehen.&#8220;<br \/>Aus diesem Grunde wird es ein gemeinsames Gespr\u00e4ch geben, an dem sich Gemeindevertreter aus Eddelak und Dingen sowie Architekt Haupthoff an einen Tisch setzen. Der Tagesordnungspunkt wurde vertagt.<\/p>\n","protected":false},"excerpt":{"rendered":"Baaske b\u00f6se: \u201eDas kann so nicht laufen&#8220;\nDingen &#8211; Dingens Alt-B\u00fcrgermeister Walter Baaske (SPD) platzte der Kragen, als es um Zusch\u00fcsse seiner Gemeinde bei der Umbau- &hellip;","protected":false},"author":1,"featured_media":0,"comment_status":"open","ping_status":"open","sticky":false,"template":"","format":"standard","meta":{"ngg_post_thumbnail":0,"footnotes":""},"categories":[4],"tags":[],"class_list":["post-714","post","type-post","status-publish","format-standard","hentry","category-archiv"],"_links":{"self":[{"href":"https:\/\/www.feuerwehr-eddelak.de\/wcms\/wp-json\/wp\/v2\/posts\/714","targetHints":{"allow":["GET"]}}],"collection":[{"href":"https:\/\/www.feuerwehr-eddelak.de\/wcms\/wp-json\/wp\/v2\/posts"}],"about":[{"href":"https:\/\/www.feuerwehr-eddelak.de\/wcms\/wp-json\/wp\/v2\/types\/post"}],"author":[{"embeddable":true,"href":"https:\/\/www.feuerwehr-eddelak.de\/wcms\/wp-json\/wp\/v2\/users\/1"}],"replies":[{"embeddable":true,"href":"https:\/\/www.feuerwehr-eddelak.de\/wcms\/wp-json\/wp\/v2\/comments?post=714"}],"version-history":[{"count":0,"href":"https:\/\/www.feuerwehr-eddelak.de\/wcms\/wp-json\/wp\/v2\/posts\/714\/revisions"}],"wp:attachment":[{"href":"https:\/\/www.feuerwehr-eddelak.de\/wcms\/wp-json\/wp\/v2\/media?parent=714"}],"wp:term":[{"taxonomy":"category","embeddable":true,"href":"https:\/\/www.feuerwehr-eddelak.de\/wcms\/wp-json\/wp\/v2\/categories?post=714"},{"taxonomy":"post_tag","embeddable":true,"href":"https:\/\/www.feuerwehr-eddelak.de\/wcms\/wp-json\/wp\/v2\/tags?post=714"}],"curies":[{"name":"wp","href":"https:\/\/api.w.org\/{rel}","templated":true}]}}