{"id":717,"date":"1999-12-22T00:00:00","date_gmt":"1999-12-22T00:00:00","guid":{"rendered":"http:\/\/feuerwehr-eddelak.de\/wcms\/?p=717"},"modified":"1999-12-22T00:00:00","modified_gmt":"1999-12-22T00:00:00","slug":"sanierung-kostet-knapp-140-000-mark-abwasserpreis-steigt-auf-265-mark-pro-kubikmeter-187","status":"publish","type":"post","link":"https:\/\/www.feuerwehr-eddelak.de\/wcms\/1999\/sanierung-kostet-knapp-140-000-mark-abwasserpreis-steigt-auf-265-mark-pro-kubikmeter-187\/","title":{"rendered":"Sanierung kostet knapp 140 000 Mark &#8211; Abwasserpreis steigt auf 265 Mark pro Kubikmeter"},"content":{"rendered":"<h2>Neues Dach f\u00fcr das Feuerwehrhaus<\/h2>\n<p>Eddelak &#8211; Die Bauarbeiten haben begonnen: Das Eddelaker Feuerwehrger\u00e4tehaus bekommt ein neues Dach.<\/p>\n<p>\u00dcber dem Schulungsraum wird ein Dachstuhl mit einer Neigung von rund 40 Grad aufgebracht. Der Bodenraum soll als Abstellfl\u00e4che genutzt werden, deshalb wird am hinteren Teil des Geb\u00e4udes eine Treppe angebracht. Sie wird in Eigen leistung von der Feuerwehr unter fachlicher Anleitung von Horst Ladwig gebaut. \u00dcber der<br \/>\nFahrzeughalle und dem Jugendtreff ist eine geringere Dachneigung gew\u00e4hlt worden; hier soll es nur einen niedrigen Kriechboden geben. F\u00fcr die Bedachung werden Blechpfannen verwendet.<br \/>\nDie Dachsanierung des Feuerwehrger\u00e4tehauses wird knapp 140 000 Mark kosten, wobei sich die Gemeinde Dingen mit rund 40 000 Mark beteiligt. Als Zuschuss werden 12,5 Prozent aus der Feuerschutzsteuer erwartet. F\u00fcr die Bedachung des Jugendtreffs sind Kosten von rund 25 000 Mark veranschlagt, die nur von der Ge<br \/>\nmeinde Eddelak aufzubringen sind. Einstimmig wurde in der j\u00fcngsten Gemeindevertretersitzung der Nachtragshaushalt f\u00fcr 1999 beschlossen. Der Verwaltungshaushalt wird um 62 600 Mark auf nunmehr 2 064 800<br \/>\nMark erh\u00f6ht. Der Verm\u00f6genshaushalt verringert sich um 12 300 Mark auf 2 175 400 Mark. Der \u00c4nderung der Abwassersatzung wurde ebenfalls zugestimmt. Hierbei wurden auch die vier Grundst\u00fccke in<br \/>\nder Liebesallee \u00fcbernommen. Durch die Geb\u00fchrenbedarfsrechnung steigt der Abwasserpreis von 2,35 auf 2,65 Mark pro Kubikmeter. \u201eHierbei handelt es sich um eine ganz normal errechnete Gr\u00f6\u00dfenordnung<br \/>\ngem\u00e4\u00df der Bedarfsrechnung&#8220;, erl\u00e4uterte der Leitende Verwaltungsbeamte, Uwe Diekgr\u00e4f, und betonte dabei, dass man immer noch einen der g\u00fcnstigsten Kubikmeterpreise in Dithmarschen habe.<\/p>\n","protected":false},"excerpt":{"rendered":"Neues Dach f\u00fcr das Feuerwehrhaus\nEddelak &#8211; Die Bauarbeiten haben begonnen: Das Eddelaker Feuerwehrger\u00e4tehaus bekommt ein neues Dach.\n\u00dcber dem Schulungsraum wird ein Dachstuhl mit einer Neigung &hellip;","protected":false},"author":1,"featured_media":0,"comment_status":"open","ping_status":"open","sticky":false,"template":"","format":"standard","meta":{"ngg_post_thumbnail":0,"footnotes":""},"categories":[4],"tags":[],"class_list":["post-717","post","type-post","status-publish","format-standard","hentry","category-archiv"],"_links":{"self":[{"href":"https:\/\/www.feuerwehr-eddelak.de\/wcms\/wp-json\/wp\/v2\/posts\/717","targetHints":{"allow":["GET"]}}],"collection":[{"href":"https:\/\/www.feuerwehr-eddelak.de\/wcms\/wp-json\/wp\/v2\/posts"}],"about":[{"href":"https:\/\/www.feuerwehr-eddelak.de\/wcms\/wp-json\/wp\/v2\/types\/post"}],"author":[{"embeddable":true,"href":"https:\/\/www.feuerwehr-eddelak.de\/wcms\/wp-json\/wp\/v2\/users\/1"}],"replies":[{"embeddable":true,"href":"https:\/\/www.feuerwehr-eddelak.de\/wcms\/wp-json\/wp\/v2\/comments?post=717"}],"version-history":[{"count":0,"href":"https:\/\/www.feuerwehr-eddelak.de\/wcms\/wp-json\/wp\/v2\/posts\/717\/revisions"}],"wp:attachment":[{"href":"https:\/\/www.feuerwehr-eddelak.de\/wcms\/wp-json\/wp\/v2\/media?parent=717"}],"wp:term":[{"taxonomy":"category","embeddable":true,"href":"https:\/\/www.feuerwehr-eddelak.de\/wcms\/wp-json\/wp\/v2\/categories?post=717"},{"taxonomy":"post_tag","embeddable":true,"href":"https:\/\/www.feuerwehr-eddelak.de\/wcms\/wp-json\/wp\/v2\/tags?post=717"}],"curies":[{"name":"wp","href":"https:\/\/api.w.org\/{rel}","templated":true}]}}