{"id":742,"date":"1995-03-04T00:00:00","date_gmt":"1995-03-04T00:00:00","guid":{"rendered":"http:\/\/feuerwehr-eddelak.de\/wcms\/?p=742"},"modified":"1995-03-04T00:00:00","modified_gmt":"1995-03-04T00:00:00","slug":"weitere-armelstreifen-fur-treue-aktive-und-beforderungen-221","status":"publish","type":"post","link":"https:\/\/www.feuerwehr-eddelak.de\/wcms\/1995\/weitere-armelstreifen-fur-treue-aktive-und-beforderungen-221\/","title":{"rendered":"Weitere \u00c4rmelstreifen f\u00fcr treue Aktive und Bef\u00f6rderungen"},"content":{"rendered":"<h2>Feuerwehr ohne Nachwuchssorgen<\/h2>\n<p>EDDELAK (hs). Keine Nachwuchssorgen in der Freiwilligen Feuerwehr Eddelak. W\u00e4hrend der Jahresversammlung wurden Jens Feichtenschlager und Nils Finnern nach einj\u00e4hriger Anw\u00e4rterzeit als Vollmitglieder in die Wehr \u00fcbernommen.Die Ehrungen:<br \/>\u00c4rmelstreifen f\u00fcr 20 Jahre: Ralf Napiraski. F\u00fcr 30 Jahre Treue: Heinz Migge, Henning Stintmann, Gerd Schoof und Peter Bielenberg.<br \/>F\u00fcr 40 Jahre: Klaus Robert Flindt und G\u00fcnter Thorm\u00e4hlen. Zus\u00e4tzlich gab es Ehrenteller f\u00fcr 30 Jahre Treue zum Verein: Heinz Migge, Henning Stintmann, Gerd Schoof und Peter Bielenberg, sowie f\u00fcr 40 Jahre: KlausRobert Flindt und G\u00fcnter Thorm\u00e4hlen. Bef\u00f6rdert wurden: Thies Bockelmann zum Oberfeuerwehrmann sowie Thorsten Mohr, Gerd Schoof und Ralf Schweitzer zu Hauptfeuerwehrm\u00e4nnern.<\/p>\n","protected":false},"excerpt":{"rendered":"Feuerwehr ohne Nachwuchssorgen\nEDDELAK (hs). Keine Nachwuchssorgen in der Freiwilligen Feuerwehr Eddelak. W\u00e4hrend der Jahresversammlung wurden Jens Feichtenschlager und Nils Finnern nach einj\u00e4hriger Anw\u00e4rterzeit als Vollmitglieder &hellip;","protected":false},"author":1,"featured_media":0,"comment_status":"open","ping_status":"open","sticky":false,"template":"","format":"standard","meta":{"ngg_post_thumbnail":0,"footnotes":""},"categories":[4],"tags":[],"class_list":["post-742","post","type-post","status-publish","format-standard","hentry","category-archiv"],"_links":{"self":[{"href":"https:\/\/www.feuerwehr-eddelak.de\/wcms\/wp-json\/wp\/v2\/posts\/742","targetHints":{"allow":["GET"]}}],"collection":[{"href":"https:\/\/www.feuerwehr-eddelak.de\/wcms\/wp-json\/wp\/v2\/posts"}],"about":[{"href":"https:\/\/www.feuerwehr-eddelak.de\/wcms\/wp-json\/wp\/v2\/types\/post"}],"author":[{"embeddable":true,"href":"https:\/\/www.feuerwehr-eddelak.de\/wcms\/wp-json\/wp\/v2\/users\/1"}],"replies":[{"embeddable":true,"href":"https:\/\/www.feuerwehr-eddelak.de\/wcms\/wp-json\/wp\/v2\/comments?post=742"}],"version-history":[{"count":0,"href":"https:\/\/www.feuerwehr-eddelak.de\/wcms\/wp-json\/wp\/v2\/posts\/742\/revisions"}],"wp:attachment":[{"href":"https:\/\/www.feuerwehr-eddelak.de\/wcms\/wp-json\/wp\/v2\/media?parent=742"}],"wp:term":[{"taxonomy":"category","embeddable":true,"href":"https:\/\/www.feuerwehr-eddelak.de\/wcms\/wp-json\/wp\/v2\/categories?post=742"},{"taxonomy":"post_tag","embeddable":true,"href":"https:\/\/www.feuerwehr-eddelak.de\/wcms\/wp-json\/wp\/v2\/tags?post=742"}],"curies":[{"name":"wp","href":"https:\/\/api.w.org\/{rel}","templated":true}]}}