{"id":8073,"date":"2019-10-25T11:30:42","date_gmt":"2019-10-25T09:30:42","guid":{"rendered":"http:\/\/www.feuerwehr-eddelak.de\/wcms\/?p=8073"},"modified":"2020-05-10T16:20:58","modified_gmt":"2020-05-10T14:20:58","slug":"sicherheitsbelehrung-2019","status":"publish","type":"post","link":"https:\/\/www.feuerwehr-eddelak.de\/wcms\/2019\/sicherheitsbelehrung-2019\/","title":{"rendered":"Hygiene im Feuerwehrdienst &#8211; Sicherheitsbelehrung 2019"},"content":{"rendered":"<p>Zum dritten mal in Folge fand am 23.10.2019 unsere Sicherheitsbelehrung im Rahmen einer Mitgliederversammlung statt.<\/p>\n<p>Durch die Anwesenheit von 35 Aktiven und acht Ehrenmitgliedern war die Beschlussf\u00e4higkeit f\u00fcr eine Abstimmung \u00fcber den Haushaltsplan hergestellt. Der Haushaltsplan f\u00fcr das kommende Jahr wurde von unserem Kassenwart Ralf Schweitzer vorgestellt und von den Anwesenden einstimmig angenommen.<\/p>\n<p>Anschlie\u00dfend berichteten B\u00fcrgermeister Hauke Oeser und Wehrf\u00fchrer Eggert Schoof \u00fcber den Verlauf des F\u00f6rderantrags f\u00fcr den Umbau des Ger\u00e4tehauses. Die bewilligten F\u00f6rdergelder entspr\u00e4chen zwar nicht dem erhofften Betrag,&nbsp; jedoch einigten sich Feuerwehr und Gemeinde den Umbau trotzdem umzusetzen. Die Ausschreibung soll noch in diesem Jahr beginnen. Starttermin f\u00fcr den Umbau soll der 01.03.2020 sein. Zum Ende des Jahres 2020 wird mit der Fertigstellung gerechnet. Um den preislichen und zeitlichen Rahmen einzuhalten wird die Wehr sich aktiv in den Umbau einbringen.<\/p>\n<p>Die Sicherheitsbelehrung wurde als letzter Punkt der Tagesordnung von unserem Sicherheitsbeauftragten T\u00f6ns Junge abgehalten. Auf Empfehlung der HFUK und durch den r\u00e4umlichen Hintergrund des zuvor angesprochenen Umbaus, bot sich in diesem Jahr vor allem ein Thema an: Hygiene im Feuerwehrdienst. Angesprochen wurde unter anderem die Gef\u00e4hrdung durch Kontamination, Inkorporation und Infektion sowie die sogenannte <a href=\"https:\/\/de.wikipedia.org\/wiki\/Schwarz-Wei%C3%9F-Prinzip\">schwarz-wei\u00df Trennung<\/a> von Kleidung. Vorgestellt wurden auch pr\u00e4ventive Ma\u00dfnahmen die vor, w\u00e4hrend und nach dem Einsatz durchgef\u00fchrt werden sollten und von uns zum Teil bereits ohne weiteren Aufwand umgesetzt werden k\u00f6nnen oder l\u00e4ngst umgesetzt sind. Beispielhaft kann hier der Einsatz von Hygieneboards genannt werden, die bereits in unseren Fahrzeugen vorhanden sind.<\/p>\n<p>Der Abend wurde mit ein paar kameradschaftlichen Stunden gem\u00fctlich abgeschlossen.<\/p>\n\n\t\t<style type=\"text\/css\">\n\t\t\t#gallery-1 {\n\t\t\t\tmargin: auto;\n\t\t\t}\n\t\t\t#gallery-1 .gallery-item {\n\t\t\t\tfloat: left;\n\t\t\t\tmargin-top: 10px;\n\t\t\t\ttext-align: center;\n\t\t\t\twidth: 50%;\n\t\t\t}\n\t\t\t#gallery-1 img {\n\t\t\t\tborder: 2px solid #cfcfcf;\n\t\t\t}\n\t\t\t#gallery-1 .gallery-caption {\n\t\t\t\tmargin-left: 0;\n\t\t\t}\n\t\t\t\/* see gallery_shortcode() in wp-includes\/media.php *\/\n\t\t<\/style>\n\t\t<div id='gallery-1' class='gallery galleryid-8073 gallery-columns-2 gallery-size-thumbnail'><dl class='gallery-item'>\n\t\t\t<dt class='gallery-icon landscape'>\n\t\t\t\t<a href='https:\/\/www.feuerwehr-eddelak.de\/wcms\/wp-content\/uploads\/2019\/10\/MV102019_Mitglieder.jpg' title=\"\" data-rl_title=\"\" class=\"rl-gallery-link\" data-rl_caption=\"\" data-rel=\"lightbox-gallery-1\"><img loading=\"lazy\" decoding=\"async\" width=\"150\" height=\"150\" src=\"https:\/\/www.feuerwehr-eddelak.de\/wcms\/wp-content\/uploads\/2019\/10\/MV102019_Mitglieder-150x150.jpg\" class=\"attachment-thumbnail size-thumbnail\" alt=\"\" \/><\/a>\n\t\t\t<\/dt><\/dl><dl class='gallery-item'>\n\t\t\t<dt class='gallery-icon landscape'>\n\t\t\t\t<a href='https:\/\/www.feuerwehr-eddelak.de\/wcms\/wp-content\/uploads\/2019\/10\/MV102019_MitgliederII.jpg' title=\"\" data-rl_title=\"\" class=\"rl-gallery-link\" data-rl_caption=\"\" data-rel=\"lightbox-gallery-1\"><img loading=\"lazy\" decoding=\"async\" width=\"150\" height=\"150\" src=\"https:\/\/www.feuerwehr-eddelak.de\/wcms\/wp-content\/uploads\/2019\/10\/MV102019_MitgliederII-150x150.jpg\" class=\"attachment-thumbnail size-thumbnail\" alt=\"\" \/><\/a>\n\t\t\t<\/dt><\/dl><br style=\"clear: both\" \/><dl class='gallery-item'>\n\t\t\t<dt class='gallery-icon landscape'>\n\t\t\t\t<a href='https:\/\/www.feuerwehr-eddelak.de\/wcms\/wp-content\/uploads\/2019\/10\/MV102019_Haushaltsplan.jpg' title=\"\" data-rl_title=\"\" class=\"rl-gallery-link\" data-rl_caption=\"\" data-rel=\"lightbox-gallery-1\"><img loading=\"lazy\" decoding=\"async\" width=\"150\" height=\"150\" src=\"https:\/\/www.feuerwehr-eddelak.de\/wcms\/wp-content\/uploads\/2019\/10\/MV102019_Haushaltsplan-150x150.jpg\" class=\"attachment-thumbnail size-thumbnail\" alt=\"\" \/><\/a>\n\t\t\t<\/dt><\/dl><dl class='gallery-item'>\n\t\t\t<dt class='gallery-icon landscape'>\n\t\t\t\t<a href='https:\/\/www.feuerwehr-eddelak.de\/wcms\/wp-content\/uploads\/2019\/10\/MV102019_SiBl.jpg' title=\"\" data-rl_title=\"\" class=\"rl-gallery-link\" data-rl_caption=\"\" data-rel=\"lightbox-gallery-1\"><img loading=\"lazy\" decoding=\"async\" width=\"150\" height=\"150\" src=\"https:\/\/www.feuerwehr-eddelak.de\/wcms\/wp-content\/uploads\/2019\/10\/MV102019_SiBl-150x150.jpg\" class=\"attachment-thumbnail size-thumbnail\" alt=\"\" \/><\/a>\n\t\t\t<\/dt><\/dl><br style=\"clear: both\" \/>\n\t\t<\/div>\n\n","protected":false},"excerpt":{"rendered":"Zum dritten mal in Folge fand am 23.10.2019 unsere Sicherheitsbelehrung im Rahmen einer Mitgliederversammlung statt.\nDurch die Anwesenheit von 35 Aktiven und acht Ehrenmitgliedern war die &hellip;","protected":false},"author":1,"featured_media":8077,"comment_status":"closed","ping_status":"open","sticky":false,"template":"","format":"standard","meta":{"ngg_post_thumbnail":0,"footnotes":""},"categories":[3],"tags":[],"class_list":["post-8073","post","type-post","status-publish","format-standard","has-post-thumbnail","hentry","category-allgemein"],"_links":{"self":[{"href":"https:\/\/www.feuerwehr-eddelak.de\/wcms\/wp-json\/wp\/v2\/posts\/8073","targetHints":{"allow":["GET"]}}],"collection":[{"href":"https:\/\/www.feuerwehr-eddelak.de\/wcms\/wp-json\/wp\/v2\/posts"}],"about":[{"href":"https:\/\/www.feuerwehr-eddelak.de\/wcms\/wp-json\/wp\/v2\/types\/post"}],"author":[{"embeddable":true,"href":"https:\/\/www.feuerwehr-eddelak.de\/wcms\/wp-json\/wp\/v2\/users\/1"}],"replies":[{"embeddable":true,"href":"https:\/\/www.feuerwehr-eddelak.de\/wcms\/wp-json\/wp\/v2\/comments?post=8073"}],"version-history":[{"count":8,"href":"https:\/\/www.feuerwehr-eddelak.de\/wcms\/wp-json\/wp\/v2\/posts\/8073\/revisions"}],"predecessor-version":[{"id":8085,"href":"https:\/\/www.feuerwehr-eddelak.de\/wcms\/wp-json\/wp\/v2\/posts\/8073\/revisions\/8085"}],"wp:featuredmedia":[{"embeddable":true,"href":"https:\/\/www.feuerwehr-eddelak.de\/wcms\/wp-json\/wp\/v2\/media\/8077"}],"wp:attachment":[{"href":"https:\/\/www.feuerwehr-eddelak.de\/wcms\/wp-json\/wp\/v2\/media?parent=8073"}],"wp:term":[{"taxonomy":"category","embeddable":true,"href":"https:\/\/www.feuerwehr-eddelak.de\/wcms\/wp-json\/wp\/v2\/categories?post=8073"},{"taxonomy":"post_tag","embeddable":true,"href":"https:\/\/www.feuerwehr-eddelak.de\/wcms\/wp-json\/wp\/v2\/tags?post=8073"}],"curies":[{"name":"wp","href":"https:\/\/api.w.org\/{rel}","templated":true}]}}