{"id":842,"date":"2011-07-02T14:15:02","date_gmt":"2011-07-02T12:15:02","guid":{"rendered":"http:\/\/feuerwehr-eddelak.de\/wcms\/?p=842"},"modified":"2017-05-21T01:56:50","modified_gmt":"2017-05-20T23:56:50","slug":"notfall-tur-verschlossen","status":"publish","type":"post","link":"https:\/\/www.feuerwehr-eddelak.de\/wcms\/2011\/notfall-tur-verschlossen\/","title":{"rendered":"Notfall T\u00fcr verschlossen"},"content":{"rendered":"<p>Zu einem Einsatz NOTF TV wurde um 18:14 Uhr der Gruppenalarm 1 ausgel\u00f6st. Um dem Rettungsdienst den Zugang zu einer hilfsbed\u00fcrftigen Person zu schaffen, wurde von uns eine verschlossene Eingangst\u00fcr ge\u00f6ffnet. Des Weiteren wurde durch die 14 ausger\u00fcckten Einsatzkr\u00e4fte die Rettung unterst\u00fctzt sowie die Einsatzstelle abgesichert.<\/p>\n","protected":false},"excerpt":{"rendered":"Zu einem Einsatz NOTF TV wurde um 18:14 Uhr der Gruppenalarm 1 ausgel\u00f6st. Um dem Rettungsdienst den Zugang zu einer hilfsbed\u00fcrftigen Person zu schaffen, wurde &hellip;","protected":false},"author":1,"featured_media":0,"comment_status":"open","ping_status":"open","sticky":false,"template":"","format":"standard","meta":{"ngg_post_thumbnail":0,"footnotes":""},"categories":[5],"tags":[],"class_list":["post-842","post","type-post","status-publish","format-standard","hentry","category-einsatz"],"_links":{"self":[{"href":"https:\/\/www.feuerwehr-eddelak.de\/wcms\/wp-json\/wp\/v2\/posts\/842","targetHints":{"allow":["GET"]}}],"collection":[{"href":"https:\/\/www.feuerwehr-eddelak.de\/wcms\/wp-json\/wp\/v2\/posts"}],"about":[{"href":"https:\/\/www.feuerwehr-eddelak.de\/wcms\/wp-json\/wp\/v2\/types\/post"}],"author":[{"embeddable":true,"href":"https:\/\/www.feuerwehr-eddelak.de\/wcms\/wp-json\/wp\/v2\/users\/1"}],"replies":[{"embeddable":true,"href":"https:\/\/www.feuerwehr-eddelak.de\/wcms\/wp-json\/wp\/v2\/comments?post=842"}],"version-history":[{"count":1,"href":"https:\/\/www.feuerwehr-eddelak.de\/wcms\/wp-json\/wp\/v2\/posts\/842\/revisions"}],"predecessor-version":[{"id":5650,"href":"https:\/\/www.feuerwehr-eddelak.de\/wcms\/wp-json\/wp\/v2\/posts\/842\/revisions\/5650"}],"wp:attachment":[{"href":"https:\/\/www.feuerwehr-eddelak.de\/wcms\/wp-json\/wp\/v2\/media?parent=842"}],"wp:term":[{"taxonomy":"category","embeddable":true,"href":"https:\/\/www.feuerwehr-eddelak.de\/wcms\/wp-json\/wp\/v2\/categories?post=842"},{"taxonomy":"post_tag","embeddable":true,"href":"https:\/\/www.feuerwehr-eddelak.de\/wcms\/wp-json\/wp\/v2\/tags?post=842"}],"curies":[{"name":"wp","href":"https:\/\/api.w.org\/{rel}","templated":true}]}}