{"id":8535,"date":"2020-08-08T11:32:57","date_gmt":"2020-08-08T09:32:57","guid":{"rendered":"http:\/\/www.feuerwehr-eddelak.de\/wcms\/?p=8535"},"modified":"2020-10-02T15:48:03","modified_gmt":"2020-10-02T13:48:03","slug":"unterstuetzung-im-karolinenkoog","status":"publish","type":"post","link":"https:\/\/www.feuerwehr-eddelak.de\/wcms\/2020\/unterstuetzung-im-karolinenkoog\/","title":{"rendered":"Unterst\u00fctzung im Karolinenkoog"},"content":{"rendered":"<p>Am 07.08.2020 wurden wir um 17:28Uhr \u00fcber den L\u00f6schzug S\u00fcd der Feuerwehrbereitschaft\u00a0 mit dem Einsatzstichwort FEU 7 zur Unters\u00fctzung bei einem Gro\u00dfbrand im Karolinenkoog alarmiert.\u00a0<\/p>\n<p>Vor Ort l\u00f6ste der LZ die anwesenden Einsatzkr\u00e4fte aus und \u00fcbernahm die Einsatzstelle. Hauptaufgabe waren umfangreiche Nachl\u00f6scharbeiten. Gegen Mitternacht \u00fcbernahm die Ortswehr Karolinenkoog wieder, die ebenfalls eine Brandwache f\u00fcr die Nacht stellte.<\/p>\n<p>Gegen zwei Uhr war der Einsatz f\u00fcr unsere neun Kameraden beendet.<\/p>\n<p>\u00a0<\/p>\n\n\n<p><\/p>\n","protected":false},"excerpt":{"rendered":"Am 07.08.2020 wurden wir um 17:28Uhr \u00fcber den L\u00f6schzug S\u00fcd der Feuerwehrbereitschaft\u00a0 mit dem Einsatzstichwort FEU 7 zur Unters\u00fctzung bei einem Gro\u00dfbrand im Karolinenkoog alarmiert.\u00a0\nVor &hellip;","protected":false},"author":1,"featured_media":7956,"comment_status":"closed","ping_status":"open","sticky":false,"template":"","format":"standard","meta":{"ngg_post_thumbnail":0,"footnotes":""},"categories":[5],"tags":[],"class_list":["post-8535","post","type-post","status-publish","format-standard","has-post-thumbnail","hentry","category-einsatz"],"_links":{"self":[{"href":"https:\/\/www.feuerwehr-eddelak.de\/wcms\/wp-json\/wp\/v2\/posts\/8535","targetHints":{"allow":["GET"]}}],"collection":[{"href":"https:\/\/www.feuerwehr-eddelak.de\/wcms\/wp-json\/wp\/v2\/posts"}],"about":[{"href":"https:\/\/www.feuerwehr-eddelak.de\/wcms\/wp-json\/wp\/v2\/types\/post"}],"author":[{"embeddable":true,"href":"https:\/\/www.feuerwehr-eddelak.de\/wcms\/wp-json\/wp\/v2\/users\/1"}],"replies":[{"embeddable":true,"href":"https:\/\/www.feuerwehr-eddelak.de\/wcms\/wp-json\/wp\/v2\/comments?post=8535"}],"version-history":[{"count":3,"href":"https:\/\/www.feuerwehr-eddelak.de\/wcms\/wp-json\/wp\/v2\/posts\/8535\/revisions"}],"predecessor-version":[{"id":8583,"href":"https:\/\/www.feuerwehr-eddelak.de\/wcms\/wp-json\/wp\/v2\/posts\/8535\/revisions\/8583"}],"wp:featuredmedia":[{"embeddable":true,"href":"https:\/\/www.feuerwehr-eddelak.de\/wcms\/wp-json\/wp\/v2\/media\/7956"}],"wp:attachment":[{"href":"https:\/\/www.feuerwehr-eddelak.de\/wcms\/wp-json\/wp\/v2\/media?parent=8535"}],"wp:term":[{"taxonomy":"category","embeddable":true,"href":"https:\/\/www.feuerwehr-eddelak.de\/wcms\/wp-json\/wp\/v2\/categories?post=8535"},{"taxonomy":"post_tag","embeddable":true,"href":"https:\/\/www.feuerwehr-eddelak.de\/wcms\/wp-json\/wp\/v2\/tags?post=8535"}],"curies":[{"name":"wp","href":"https:\/\/api.w.org\/{rel}","templated":true}]}}