{"id":8539,"date":"2020-08-18T07:21:52","date_gmt":"2020-08-18T05:21:52","guid":{"rendered":"http:\/\/www.feuerwehr-eddelak.de\/wcms\/?p=8539"},"modified":"2020-10-02T18:13:40","modified_gmt":"2020-10-02T16:13:40","slug":"kompostbrand","status":"publish","type":"post","link":"https:\/\/www.feuerwehr-eddelak.de\/wcms\/2020\/kompostbrand\/","title":{"rendered":"Kompostbrand"},"content":{"rendered":"<p>Am 17.08. um 21:49Uhr wurden wir zu einer unklaren Rauchentwicklung gerufen.&nbsp;Vor Ort stellten wir fest, dass ein Komposthaufen in Brand geraten war. Auch auf eine Grabenb\u00f6schung war das Feuer bereits \u00fcbergesprungen.<\/p>\n<p>Das Brandgut wurde von uns auseinander gezogen und abgel\u00f6scht. Die Einsatzstelle wurde anschlie\u00dfend an den Eigent\u00fcmer \u00fcbergeben.<\/p>\n<p>Der Einsatz wurde gegen 23 Uhr beendet. Ausger\u00fcckt waren 24 Kameraden.<\/p>\n\n\n<p><\/p>\n","protected":false},"excerpt":{"rendered":"Am 17.08. um 21:49Uhr wurden wir zu einer unklaren Rauchentwicklung gerufen.&nbsp;Vor Ort stellten wir fest, dass ein Komposthaufen in Brand geraten war. Auch auf eine &hellip;","protected":false},"author":1,"featured_media":7956,"comment_status":"closed","ping_status":"open","sticky":false,"template":"","format":"standard","meta":{"ngg_post_thumbnail":0,"footnotes":""},"categories":[5],"tags":[],"class_list":["post-8539","post","type-post","status-publish","format-standard","has-post-thumbnail","hentry","category-einsatz"],"_links":{"self":[{"href":"https:\/\/www.feuerwehr-eddelak.de\/wcms\/wp-json\/wp\/v2\/posts\/8539","targetHints":{"allow":["GET"]}}],"collection":[{"href":"https:\/\/www.feuerwehr-eddelak.de\/wcms\/wp-json\/wp\/v2\/posts"}],"about":[{"href":"https:\/\/www.feuerwehr-eddelak.de\/wcms\/wp-json\/wp\/v2\/types\/post"}],"author":[{"embeddable":true,"href":"https:\/\/www.feuerwehr-eddelak.de\/wcms\/wp-json\/wp\/v2\/users\/1"}],"replies":[{"embeddable":true,"href":"https:\/\/www.feuerwehr-eddelak.de\/wcms\/wp-json\/wp\/v2\/comments?post=8539"}],"version-history":[{"count":2,"href":"https:\/\/www.feuerwehr-eddelak.de\/wcms\/wp-json\/wp\/v2\/posts\/8539\/revisions"}],"predecessor-version":[{"id":8586,"href":"https:\/\/www.feuerwehr-eddelak.de\/wcms\/wp-json\/wp\/v2\/posts\/8539\/revisions\/8586"}],"wp:featuredmedia":[{"embeddable":true,"href":"https:\/\/www.feuerwehr-eddelak.de\/wcms\/wp-json\/wp\/v2\/media\/7956"}],"wp:attachment":[{"href":"https:\/\/www.feuerwehr-eddelak.de\/wcms\/wp-json\/wp\/v2\/media?parent=8539"}],"wp:term":[{"taxonomy":"category","embeddable":true,"href":"https:\/\/www.feuerwehr-eddelak.de\/wcms\/wp-json\/wp\/v2\/categories?post=8539"},{"taxonomy":"post_tag","embeddable":true,"href":"https:\/\/www.feuerwehr-eddelak.de\/wcms\/wp-json\/wp\/v2\/tags?post=8539"}],"curies":[{"name":"wp","href":"https:\/\/api.w.org\/{rel}","templated":true}]}}