{"id":864,"date":"2012-01-20T14:50:03","date_gmt":"2012-01-20T12:50:03","guid":{"rendered":"http:\/\/feuerwehr-eddelak.de\/wcms\/?p=864"},"modified":"2012-04-09T14:50:03","modified_gmt":"2012-04-09T12:50:03","slug":"lagerhalle-in-flammen","status":"publish","type":"post","link":"https:\/\/www.feuerwehr-eddelak.de\/wcms\/2012\/lagerhalle-in-flammen\/","title":{"rendered":"Lagerhalle in Flammen"},"content":{"rendered":"<p>Um 04:06 Uhr wurden wir zur L\u00f6schhilfe nach St. Michaelisdonn alarmiert. FEU G brennt leerstehende Lagerhalle lautete der Einsatzbefehl \u00fcber die Melder. Bei Ankunft brannte das Objekt in voller Ausdehnung. Wir unterst\u00fctzten unsere St. Michler Kameraden in dem wir mit einer Gruppe an der Nordseite, und eine Gruppe an der S\u00fcdseite des Geb\u00e4udes die Brandbek\u00e4mpfung durchf\u00fchrten. Durch den massiven Einsatz der beiden Wehren wurde das Feuer schnell unter Kontrolle gebracht. Nach ca. 1,5 Stunden konnten die 28 Eddelaker Einsatzkr\u00e4fte wieder einr\u00fccken.<\/p>\n","protected":false},"excerpt":{"rendered":"Um 04:06 Uhr wurden wir zur L\u00f6schhilfe nach St. Michaelisdonn alarmiert. FEU G brennt leerstehende Lagerhalle lautete der Einsatzbefehl \u00fcber die Melder. Bei Ankunft brannte &hellip;","protected":false},"author":1,"featured_media":0,"comment_status":"open","ping_status":"open","sticky":false,"template":"","format":"standard","meta":{"ngg_post_thumbnail":0,"footnotes":""},"categories":[5],"tags":[],"class_list":["post-864","post","type-post","status-publish","format-standard","hentry","category-einsatz"],"_links":{"self":[{"href":"https:\/\/www.feuerwehr-eddelak.de\/wcms\/wp-json\/wp\/v2\/posts\/864","targetHints":{"allow":["GET"]}}],"collection":[{"href":"https:\/\/www.feuerwehr-eddelak.de\/wcms\/wp-json\/wp\/v2\/posts"}],"about":[{"href":"https:\/\/www.feuerwehr-eddelak.de\/wcms\/wp-json\/wp\/v2\/types\/post"}],"author":[{"embeddable":true,"href":"https:\/\/www.feuerwehr-eddelak.de\/wcms\/wp-json\/wp\/v2\/users\/1"}],"replies":[{"embeddable":true,"href":"https:\/\/www.feuerwehr-eddelak.de\/wcms\/wp-json\/wp\/v2\/comments?post=864"}],"version-history":[{"count":0,"href":"https:\/\/www.feuerwehr-eddelak.de\/wcms\/wp-json\/wp\/v2\/posts\/864\/revisions"}],"wp:attachment":[{"href":"https:\/\/www.feuerwehr-eddelak.de\/wcms\/wp-json\/wp\/v2\/media?parent=864"}],"wp:term":[{"taxonomy":"category","embeddable":true,"href":"https:\/\/www.feuerwehr-eddelak.de\/wcms\/wp-json\/wp\/v2\/categories?post=864"},{"taxonomy":"post_tag","embeddable":true,"href":"https:\/\/www.feuerwehr-eddelak.de\/wcms\/wp-json\/wp\/v2\/tags?post=864"}],"curies":[{"name":"wp","href":"https:\/\/api.w.org\/{rel}","templated":true}]}}